{"id":6225,"date":"2026-08-25T10:26:17","date_gmt":"2026-08-25T08:26:17","guid":{"rendered":"https:\/\/lavolierecirque.com\/?p=6225"},"modified":"2026-09-04T10:29:05","modified_gmt":"2026-09-04T08:29:05","slug":"mini-stages-vacances-de-la-toussaint","status":"publish","type":"post","link":"https:\/\/lavolierecirque.com\/index.php\/2026\/08\/25\/mini-stages-vacances-de-la-toussaint\/","title":{"rendered":"MINI-STAGES\/ Vacances de la Toussaint"},"content":{"rendered":"\n<div class=\"wp-block-columns is-layout-flex wp-container-core-columns-is-layout-1 wp-block-columns-is-layout-flex\">\n<div class=\"wp-block-column is-layout-flow wp-block-column-is-layout-flow\" style=\"flex-basis:100%\">\n<div class=\"wp-block-media-text alignwide is-stacked-on-mobile is-vertically-aligned-top\"><figure class=\"wp-block-media-text__media\"><img fetchpriority=\"high\" decoding=\"async\" width=\"1080\" height=\"1080\" src=\"https:\/\/lavolierecirque.com\/wp-content\/uploads\/2026\/09\/Vignette-site-FD-3.png\" alt=\"\" class=\"wp-image-6226 size-full\" srcset=\"https:\/\/lavolierecirque.com\/wp-content\/uploads\/2026\/09\/Vignette-site-FD-3.png 1080w, https:\/\/lavolierecirque.com\/wp-content\/uploads\/2026\/09\/Vignette-site-FD-3-300x300.png 300w, https:\/\/lavolierecirque.com\/wp-content\/uploads\/2026\/09\/Vignette-site-FD-3-150x150.png 150w, https:\/\/lavolierecirque.com\/wp-content\/uploads\/2026\/09\/Vignette-site-FD-3-768x768.png 768w\" sizes=\"(max-width: 1080px) 100vw, 1080px\" \/><\/figure><div class=\"wp-block-media-text__content\">\n<p>Mini-stages toutes disciplines ou sp\u00e9cialis\u00e9s en acrobatie et agr\u00e8s a\u00e9riens<\/p>\n\n\n\n<p>\u00c0 travers nos stages, votre enfant d\u00e9couvrira les diff\u00e9rentes disciplines du cirque : \u00e9quilibre sur objets, acrobatie, jonglerie et agr\u00e8s a\u00e9riens. Une exp\u00e9rience ludique et cr\u00e9ative pour d\u00e9velopper motricit\u00e9, conscience corporelle et confiance en soi, tout en favorisant l\u2019imaginaire et la coh\u00e9sion du groupe.<\/p>\n\n\n\n<p>Aucune restriction de niveau, les enfants s&rsquo;inscrivent dans le groupe correspondant \u00e0 leur \u00e2ge.<\/p>\n\n\n\n<p>La pr\u00e9sence des parents n&rsquo;est pas souhait\u00e9e durant les ateliers.<\/p>\n\n\n\n<p><strong>DATE &amp; HORAIRES<\/strong> : <br><strong>Du lundi 19 au mercredi 21 octobre<\/strong><br>\ud83d\udd59 10h \u00e0 12h \u2014\u00a0<strong>Enfants de 4 \u00e0 6 ans<\/strong><\/p>\n\n\n\n<p><strong>Du lundi 26 au mercredi 28 octobre<\/strong><br>\ud83d\udd59 10h \u00e0 12h \u2014\u00a0<strong>Enfants de 3 \u00e0 5 ans<\/strong><br>\ud83d\udd51 14h \u00e0 17h \u2014\u00a0<strong>Enfants de 6 \u00e0 8 ans<\/strong>\u00a0et\u00a0<strong>de 9 \u00e0 12 ans<\/strong><\/p>\n\n\n\n<div class=\"wp-block-buttons is-layout-flex wp-block-buttons-is-layout-flex\">\n<div class=\"wp-block-button\"><a class=\"wp-block-button__link wp-element-button\"><em>Lien r\u00e9servation \u00e0 venir<\/em><\/a><\/div>\n<\/div>\n\n\n\n<p><\/p>\n<\/div><\/div>\n\n\n\n<p class=\"has-text-align-left\"><\/p>\n<\/div>\n<\/div>\n","protected":false},"excerpt":{"rendered":"<p>Mini-stages toutes disciplines ou sp\u00e9cialis\u00e9s en acrobatie et agr\u00e8s a\u00e9riens \u00c0 travers nos stages, votre enfant d\u00e9couvrira les diff\u00e9rentes disciplines du cirque : \u00e9quilibre sur objets, acrobatie, jonglerie et agr\u00e8s a\u00e9riens. Une exp\u00e9rience ludique et cr\u00e9ative pour d\u00e9velopper motricit\u00e9, conscience corporelle et confiance en soi, tout en favorisant l\u2019imaginaire et la coh\u00e9sion du groupe. Aucune restriction de niveau, les enfants s&rsquo;inscrivent dans le groupe correspondant \u00e0 leur \u00e2ge. La pr\u00e9sence des parents n&rsquo;est pas souhait\u00e9e durant les ateliers. DATE &amp; HORAIRES : Du lundi 19 au mercredi 21 octobre\ud83d\udd59 10h \u00e0 12h \u2014\u00a0Enfants de 4 \u00e0 6 ans Du lundi 26 au mercredi 28 octobre\ud83d\udd59 10h \u00e0 12h \u2014\u00a0Enfants de 3 \u00e0 5 ans\ud83d\udd51 14h \u00e0 17h \u2014\u00a0Enfants de 6 \u00e0 8 ans\u00a0et\u00a0de 9 \u00e0 12 ans<\/p>\n","protected":false},"author":1,"featured_media":6226,"comment_status":"closed","ping_status":"closed","sticky":false,"template":"","format":"standard","meta":{"site-sidebar-layout":"default","site-content-layout":"default","ast-global-header-display":"","ast-main-header-display":"","ast-hfb-above-header-display":"","ast-hfb-below-header-display":"","ast-hfb-mobile-header-display":"","site-post-title":"","ast-breadcrumbs-content":"","ast-featured-img":"","footer-sml-layout":"","theme-transparent-header-meta":"","adv-header-id-meta":"","stick-header-meta":"","header-above-stick-meta":"","header-main-stick-meta":"","header-below-stick-meta":"","ngg_post_thumbnail":0,"footnotes":""},"categories":[53],"tags":[56],"class_list":["post-6225","post","type-post","status-publish","format-standard","has-post-thumbnail","hentry","category-evenements-spectacles","tag-articlesactualites"],"yoast_head":"<!-- This site is optimized with the Yoast SEO plugin v26.8 - https:\/\/yoast.com\/product\/yoast-seo-wordpress\/ -->\n<title>MINI-STAGES\/ Vacances de la Toussaint - La Voli\u00e8re<\/title>\n<meta name=\"description\" content=\"D\u00e9couvrez les actualit\u00e9s de La Voli\u00e8re\" \/>\n<meta name=\"robots\" content=\"index, follow, max-snippet:-1, max-image-preview:large, max-video-preview:-1\" \/>\n<link rel=\"canonical\" href=\"https:\/\/lavolierecirque.com\/index.php\/2026\/08\/25\/mini-stages-vacances-de-la-toussaint\/\" \/>\n<meta property=\"og:locale\" content=\"fr_FR\" \/>\n<meta property=\"og:type\" content=\"article\" \/>\n<meta property=\"og:title\" content=\"MINI-STAGES\/ Vacances de la Toussaint - La Voli\u00e8re\" \/>\n<meta property=\"og:description\" content=\"D\u00e9couvrez les actualit\u00e9s de La Voli\u00e8re\" \/>\n<meta property=\"og:url\" content=\"https:\/\/lavolierecirque.com\/index.php\/2026\/08\/25\/mini-stages-vacances-de-la-toussaint\/\" \/>\n<meta property=\"og:site_name\" content=\"La Voli\u00e8re\" \/>\n<meta property=\"article:published_time\" content=\"2026-08-25T08:26:17+00:00\" \/>\n<meta property=\"article:modified_time\" content=\"2026-09-04T08:29:05+00:00\" \/>\n<meta property=\"og:image\" content=\"https:\/\/lavolierecirque.com\/wp-content\/uploads\/2026\/09\/Vignette-site-FD-3.png\" \/>\n\t<meta property=\"og:image:width\" content=\"1080\" \/>\n\t<meta property=\"og:image:height\" content=\"1080\" \/>\n\t<meta property=\"og:image:type\" content=\"image\/png\" \/>\n<meta name=\"author\" content=\"admin5999\" \/>\n<meta name=\"twitter:card\" content=\"summary_large_image\" \/>\n<meta name=\"twitter:label1\" content=\"\u00c9crit par\" \/>\n\t<meta name=\"twitter:data1\" content=\"admin5999\" \/>\n\t<meta name=\"twitter:label2\" content=\"Dur\u00e9e de lecture estim\u00e9e\" \/>\n\t<meta name=\"twitter:data2\" content=\"2 minutes\" \/>\n<script type=\"application\/ld+json\" class=\"yoast-schema-graph\">{\"@context\":\"https:\/\/schema.org\",\"@graph\":[{\"@type\":\"Article\",\"@id\":\"https:\/\/lavolierecirque.com\/index.php\/2026\/08\/25\/mini-stages-vacances-de-la-toussaint\/#article\",\"isPartOf\":{\"@id\":\"https:\/\/lavolierecirque.com\/index.php\/2026\/08\/25\/mini-stages-vacances-de-la-toussaint\/\"},\"author\":{\"name\":\"admin5999\",\"@id\":\"https:\/\/lavolierecirque.com\/#\/schema\/person\/3dfbf06f98e272ebf13b70057fabbc0d\"},\"headline\":\"MINI-STAGES\/ Vacances de la Toussaint\",\"datePublished\":\"2026-08-25T08:26:17+00:00\",\"dateModified\":\"2026-09-04T08:29:05+00:00\",\"mainEntityOfPage\":{\"@id\":\"https:\/\/lavolierecirque.com\/index.php\/2026\/08\/25\/mini-stages-vacances-de-la-toussaint\/\"},\"wordCount\":132,\"image\":{\"@id\":\"https:\/\/lavolierecirque.com\/index.php\/2026\/08\/25\/mini-stages-vacances-de-la-toussaint\/#primaryimage\"},\"thumbnailUrl\":\"https:\/\/lavolierecirque.com\/wp-content\/uploads\/2026\/09\/Vignette-site-FD-3.png\",\"keywords\":[\"actualites_carousel\"],\"articleSection\":[\"\u00c9v\u00e9nements\"],\"inLanguage\":\"fr-FR\"},{\"@type\":\"WebPage\",\"@id\":\"https:\/\/lavolierecirque.com\/index.php\/2026\/08\/25\/mini-stages-vacances-de-la-toussaint\/\",\"url\":\"https:\/\/lavolierecirque.com\/index.php\/2026\/08\/25\/mini-stages-vacances-de-la-toussaint\/\",\"name\":\"MINI-STAGES\/ Vacances de la Toussaint - La Voli\u00e8re\",\"isPartOf\":{\"@id\":\"https:\/\/lavolierecirque.com\/#website\"},\"primaryImageOfPage\":{\"@id\":\"https:\/\/lavolierecirque.com\/index.php\/2026\/08\/25\/mini-stages-vacances-de-la-toussaint\/#primaryimage\"},\"image\":{\"@id\":\"https:\/\/lavolierecirque.com\/index.php\/2026\/08\/25\/mini-stages-vacances-de-la-toussaint\/#primaryimage\"},\"thumbnailUrl\":\"https:\/\/lavolierecirque.com\/wp-content\/uploads\/2026\/09\/Vignette-site-FD-3.png\",\"datePublished\":\"2026-08-25T08:26:17+00:00\",\"dateModified\":\"2026-09-04T08:29:05+00:00\",\"author\":{\"@id\":\"https:\/\/lavolierecirque.com\/#\/schema\/person\/3dfbf06f98e272ebf13b70057fabbc0d\"},\"description\":\"D\u00e9couvrez les actualit\u00e9s de La Voli\u00e8re\",\"breadcrumb\":{\"@id\":\"https:\/\/lavolierecirque.com\/index.php\/2026\/08\/25\/mini-stages-vacances-de-la-toussaint\/#breadcrumb\"},\"inLanguage\":\"fr-FR\",\"potentialAction\":[{\"@type\":\"ReadAction\",\"target\":[\"https:\/\/lavolierecirque.com\/index.php\/2026\/08\/25\/mini-stages-vacances-de-la-toussaint\/\"]}]},{\"@type\":\"ImageObject\",\"inLanguage\":\"fr-FR\",\"@id\":\"https:\/\/lavolierecirque.com\/index.php\/2026\/08\/25\/mini-stages-vacances-de-la-toussaint\/#primaryimage\",\"url\":\"https:\/\/lavolierecirque.com\/wp-content\/uploads\/2026\/09\/Vignette-site-FD-3.png\",\"contentUrl\":\"https:\/\/lavolierecirque.com\/wp-content\/uploads\/2026\/09\/Vignette-site-FD-3.png\",\"width\":1080,\"height\":1080},{\"@type\":\"BreadcrumbList\",\"@id\":\"https:\/\/lavolierecirque.com\/index.php\/2026\/08\/25\/mini-stages-vacances-de-la-toussaint\/#breadcrumb\",\"itemListElement\":[{\"@type\":\"ListItem\",\"position\":1,\"name\":\"Accueil\",\"item\":\"https:\/\/lavolierecirque.com\/\"},{\"@type\":\"ListItem\",\"position\":2,\"name\":\"MINI-STAGES\/ Vacances de la Toussaint\"}]},{\"@type\":\"WebSite\",\"@id\":\"https:\/\/lavolierecirque.com\/#website\",\"url\":\"https:\/\/lavolierecirque.com\/\",\"name\":\"La Voli\u00e8re\",\"description\":\"Lieu d\u00e9di\u00e9 au nouveau cirque &amp; \u00e0 la danse a\u00e9rienne\",\"potentialAction\":[{\"@type\":\"SearchAction\",\"target\":{\"@type\":\"EntryPoint\",\"urlTemplate\":\"https:\/\/lavolierecirque.com\/?s={search_term_string}\"},\"query-input\":{\"@type\":\"PropertyValueSpecification\",\"valueRequired\":true,\"valueName\":\"search_term_string\"}}],\"inLanguage\":\"fr-FR\"},{\"@type\":\"Person\",\"@id\":\"https:\/\/lavolierecirque.com\/#\/schema\/person\/3dfbf06f98e272ebf13b70057fabbc0d\",\"name\":\"admin5999\",\"image\":{\"@type\":\"ImageObject\",\"inLanguage\":\"fr-FR\",\"@id\":\"https:\/\/lavolierecirque.com\/#\/schema\/person\/image\/\",\"url\":\"https:\/\/secure.gravatar.com\/avatar\/fad7dc9c5cde7157abf9bb29befecd0e?s=96&d=mm&r=g\",\"contentUrl\":\"https:\/\/secure.gravatar.com\/avatar\/fad7dc9c5cde7157abf9bb29befecd0e?s=96&d=mm&r=g\",\"caption\":\"admin5999\"},\"sameAs\":[\"http:\/\/lavolierecirque.com\"],\"url\":\"https:\/\/lavolierecirque.com\/index.php\/author\/admin5999\/\"}]}<\/script>\n<!-- \/ Yoast SEO plugin. -->","yoast_head_json":{"title":"MINI-STAGES\/ Vacances de la Toussaint - La Voli\u00e8re","description":"D\u00e9couvrez les actualit\u00e9s de La Voli\u00e8re","robots":{"index":"index","follow":"follow","max-snippet":"max-snippet:-1","max-image-preview":"max-image-preview:large","max-video-preview":"max-video-preview:-1"},"canonical":"https:\/\/lavolierecirque.com\/index.php\/2026\/08\/25\/mini-stages-vacances-de-la-toussaint\/","og_locale":"fr_FR","og_type":"article","og_title":"MINI-STAGES\/ Vacances de la Toussaint - La Voli\u00e8re","og_description":"D\u00e9couvrez les actualit\u00e9s de La Voli\u00e8re","og_url":"https:\/\/lavolierecirque.com\/index.php\/2026\/08\/25\/mini-stages-vacances-de-la-toussaint\/","og_site_name":"La Voli\u00e8re","article_published_time":"2026-08-25T08:26:17+00:00","article_modified_time":"2026-09-04T08:29:05+00:00","og_image":[{"url":"https:\/\/lavolierecirque.com\/wp-content\/uploads\/2026\/09\/Vignette-site-FD-3.png","width":1080,"height":1080,"type":"image\/png"}],"author":"admin5999","twitter_card":"summary_large_image","twitter_misc":{"\u00c9crit par":"admin5999","Dur\u00e9e de lecture estim\u00e9e":"2 minutes"},"schema":{"@context":"https:\/\/schema.org","@graph":[{"@type":"Article","@id":"https:\/\/lavolierecirque.com\/index.php\/2026\/08\/25\/mini-stages-vacances-de-la-toussaint\/#article","isPartOf":{"@id":"https:\/\/lavolierecirque.com\/index.php\/2026\/08\/25\/mini-stages-vacances-de-la-toussaint\/"},"author":{"name":"admin5999","@id":"https:\/\/lavolierecirque.com\/#\/schema\/person\/3dfbf06f98e272ebf13b70057fabbc0d"},"headline":"MINI-STAGES\/ Vacances de la Toussaint","datePublished":"2026-08-25T08:26:17+00:00","dateModified":"2026-09-04T08:29:05+00:00","mainEntityOfPage":{"@id":"https:\/\/lavolierecirque.com\/index.php\/2026\/08\/25\/mini-stages-vacances-de-la-toussaint\/"},"wordCount":132,"image":{"@id":"https:\/\/lavolierecirque.com\/index.php\/2026\/08\/25\/mini-stages-vacances-de-la-toussaint\/#primaryimage"},"thumbnailUrl":"https:\/\/lavolierecirque.com\/wp-content\/uploads\/2026\/09\/Vignette-site-FD-3.png","keywords":["actualites_carousel"],"articleSection":["\u00c9v\u00e9nements"],"inLanguage":"fr-FR"},{"@type":"WebPage","@id":"https:\/\/lavolierecirque.com\/index.php\/2026\/08\/25\/mini-stages-vacances-de-la-toussaint\/","url":"https:\/\/lavolierecirque.com\/index.php\/2026\/08\/25\/mini-stages-vacances-de-la-toussaint\/","name":"MINI-STAGES\/ Vacances de la Toussaint - La Voli\u00e8re","isPartOf":{"@id":"https:\/\/lavolierecirque.com\/#website"},"primaryImageOfPage":{"@id":"https:\/\/lavolierecirque.com\/index.php\/2026\/08\/25\/mini-stages-vacances-de-la-toussaint\/#primaryimage"},"image":{"@id":"https:\/\/lavolierecirque.com\/index.php\/2026\/08\/25\/mini-stages-vacances-de-la-toussaint\/#primaryimage"},"thumbnailUrl":"https:\/\/lavolierecirque.com\/wp-content\/uploads\/2026\/09\/Vignette-site-FD-3.png","datePublished":"2026-08-25T08:26:17+00:00","dateModified":"2026-09-04T08:29:05+00:00","author":{"@id":"https:\/\/lavolierecirque.com\/#\/schema\/person\/3dfbf06f98e272ebf13b70057fabbc0d"},"description":"D\u00e9couvrez les actualit\u00e9s de La Voli\u00e8re","breadcrumb":{"@id":"https:\/\/lavolierecirque.com\/index.php\/2026\/08\/25\/mini-stages-vacances-de-la-toussaint\/#breadcrumb"},"inLanguage":"fr-FR","potentialAction":[{"@type":"ReadAction","target":["https:\/\/lavolierecirque.com\/index.php\/2026\/08\/25\/mini-stages-vacances-de-la-toussaint\/"]}]},{"@type":"ImageObject","inLanguage":"fr-FR","@id":"https:\/\/lavolierecirque.com\/index.php\/2026\/08\/25\/mini-stages-vacances-de-la-toussaint\/#primaryimage","url":"https:\/\/lavolierecirque.com\/wp-content\/uploads\/2026\/09\/Vignette-site-FD-3.png","contentUrl":"https:\/\/lavolierecirque.com\/wp-content\/uploads\/2026\/09\/Vignette-site-FD-3.png","width":1080,"height":1080},{"@type":"BreadcrumbList","@id":"https:\/\/lavolierecirque.com\/index.php\/2026\/08\/25\/mini-stages-vacances-de-la-toussaint\/#breadcrumb","itemListElement":[{"@type":"ListItem","position":1,"name":"Accueil","item":"https:\/\/lavolierecirque.com\/"},{"@type":"ListItem","position":2,"name":"MINI-STAGES\/ Vacances de la Toussaint"}]},{"@type":"WebSite","@id":"https:\/\/lavolierecirque.com\/#website","url":"https:\/\/lavolierecirque.com\/","name":"La Voli\u00e8re","description":"Lieu d\u00e9di\u00e9 au nouveau cirque &amp; \u00e0 la danse a\u00e9rienne","potentialAction":[{"@type":"SearchAction","target":{"@type":"EntryPoint","urlTemplate":"https:\/\/lavolierecirque.com\/?s={search_term_string}"},"query-input":{"@type":"PropertyValueSpecification","valueRequired":true,"valueName":"search_term_string"}}],"inLanguage":"fr-FR"},{"@type":"Person","@id":"https:\/\/lavolierecirque.com\/#\/schema\/person\/3dfbf06f98e272ebf13b70057fabbc0d","name":"admin5999","image":{"@type":"ImageObject","inLanguage":"fr-FR","@id":"https:\/\/lavolierecirque.com\/#\/schema\/person\/image\/","url":"https:\/\/secure.gravatar.com\/avatar\/fad7dc9c5cde7157abf9bb29befecd0e?s=96&d=mm&r=g","contentUrl":"https:\/\/secure.gravatar.com\/avatar\/fad7dc9c5cde7157abf9bb29befecd0e?s=96&d=mm&r=g","caption":"admin5999"},"sameAs":["http:\/\/lavolierecirque.com"],"url":"https:\/\/lavolierecirque.com\/index.php\/author\/admin5999\/"}]}},"jetpack_featured_media_url":"https:\/\/lavolierecirque.com\/wp-content\/uploads\/2026\/09\/Vignette-site-FD-3.png","rttpg_featured_image_url":{"full":["https:\/\/lavolierecirque.com\/wp-content\/uploads\/2026\/09\/Vignette-site-FD-3.png",1080,1080,false],"landscape":["https:\/\/lavolierecirque.com\/wp-content\/uploads\/2026\/09\/Vignette-site-FD-3.png",1080,1080,false],"portraits":["https:\/\/lavolierecirque.com\/wp-content\/uploads\/2026\/09\/Vignette-site-FD-3.png",1080,1080,false],"thumbnail":["https:\/\/lavolierecirque.com\/wp-content\/uploads\/2026\/09\/Vignette-site-FD-3-150x150.png",150,150,true],"medium":["https:\/\/lavolierecirque.com\/wp-content\/uploads\/2026\/09\/Vignette-site-FD-3-300x300.png",300,300,true],"large":["https:\/\/lavolierecirque.com\/wp-content\/uploads\/2026\/09\/Vignette-site-FD-3.png",1080,1080,false],"1536x1536":["https:\/\/lavolierecirque.com\/wp-content\/uploads\/2026\/09\/Vignette-site-FD-3.png",1080,1080,false],"2048x2048":["https:\/\/lavolierecirque.com\/wp-content\/uploads\/2026\/09\/Vignette-site-FD-3.png",1080,1080,false]},"rttpg_author":{"display_name":"admin5999","author_link":"https:\/\/lavolierecirque.com\/index.php\/author\/admin5999\/"},"rttpg_comment":0,"rttpg_category":"<a href=\"https:\/\/lavolierecirque.com\/index.php\/category\/evenements-spectacles\/\" rel=\"category tag\">\u00c9v\u00e9nements<\/a>","rttpg_excerpt":"Mini-stages toutes disciplines ou sp\u00e9cialis\u00e9s en acrobatie et agr\u00e8s a\u00e9riens \u00c0 travers nos stages, votre enfant d\u00e9couvrira les diff\u00e9rentes disciplines du cirque : \u00e9quilibre sur objets, acrobatie, jonglerie et agr\u00e8s a\u00e9riens. Une exp\u00e9rience ludique et cr\u00e9ative pour d\u00e9velopper motricit\u00e9, conscience corporelle et confiance en soi, tout en favorisant l\u2019imaginaire et la coh\u00e9sion du groupe. Aucune\u2026","_links":{"self":[{"href":"https:\/\/lavolierecirque.com\/index.php\/wp-json\/wp\/v2\/posts\/6225","targetHints":{"allow":["GET"]}}],"collection":[{"href":"https:\/\/lavolierecirque.com\/index.php\/wp-json\/wp\/v2\/posts"}],"about":[{"href":"https:\/\/lavolierecirque.com\/index.php\/wp-json\/wp\/v2\/types\/post"}],"author":[{"embeddable":true,"href":"https:\/\/lavolierecirque.com\/index.php\/wp-json\/wp\/v2\/users\/1"}],"replies":[{"embeddable":true,"href":"https:\/\/lavolierecirque.com\/index.php\/wp-json\/wp\/v2\/comments?post=6225"}],"version-history":[{"count":1,"href":"https:\/\/lavolierecirque.com\/index.php\/wp-json\/wp\/v2\/posts\/6225\/revisions"}],"predecessor-version":[{"id":6227,"href":"https:\/\/lavolierecirque.com\/index.php\/wp-json\/wp\/v2\/posts\/6225\/revisions\/6227"}],"wp:featuredmedia":[{"embeddable":true,"href":"https:\/\/lavolierecirque.com\/index.php\/wp-json\/wp\/v2\/media\/6226"}],"wp:attachment":[{"href":"https:\/\/lavolierecirque.com\/index.php\/wp-json\/wp\/v2\/media?parent=6225"}],"wp:term":[{"taxonomy":"category","embeddable":true,"href":"https:\/\/lavolierecirque.com\/index.php\/wp-json\/wp\/v2\/categories?post=6225"},{"taxonomy":"post_tag","embeddable":true,"href":"https:\/\/lavolierecirque.com\/index.php\/wp-json\/wp\/v2\/tags?post=6225"}],"curies":[{"name":"wp","href":"https:\/\/api.w.org\/{rel}","templated":true}]}}