{"id":6208,"date":"2026-08-27T14:26:55","date_gmt":"2026-08-27T12:26:55","guid":{"rendered":"https:\/\/lavolierecirque.com\/?p=6208"},"modified":"2026-08-31T14:27:45","modified_gmt":"2026-08-31T12:27:45","slug":"rencontre-forum-des-associations","status":"publish","type":"post","link":"https:\/\/lavolierecirque.com\/index.php\/2026\/08\/27\/rencontre-forum-des-associations\/","title":{"rendered":"RENCONTRE \/ Forum des associations"},"content":{"rendered":"\n<div class=\"wp-block-columns is-layout-flex wp-container-core-columns-is-layout-1 wp-block-columns-is-layout-flex\">\n<div class=\"wp-block-column is-layout-flow wp-block-column-is-layout-flow\" style=\"flex-basis:100%\">\n<div class=\"wp-block-media-text alignwide is-stacked-on-mobile is-vertically-aligned-top\"><figure class=\"wp-block-media-text__media\"><img fetchpriority=\"high\" decoding=\"async\" width=\"1080\" height=\"1080\" src=\"https:\/\/lavolierecirque.com\/wp-content\/uploads\/2026\/08\/VIGNETTES-SITE-RS-18.png\" alt=\"\" class=\"wp-image-6209 size-full\" srcset=\"https:\/\/lavolierecirque.com\/wp-content\/uploads\/2026\/08\/VIGNETTES-SITE-RS-18.png 1080w, https:\/\/lavolierecirque.com\/wp-content\/uploads\/2026\/08\/VIGNETTES-SITE-RS-18-300x300.png 300w, https:\/\/lavolierecirque.com\/wp-content\/uploads\/2026\/08\/VIGNETTES-SITE-RS-18-150x150.png 150w, https:\/\/lavolierecirque.com\/wp-content\/uploads\/2026\/08\/VIGNETTES-SITE-RS-18-768x768.png 768w\" sizes=\"(max-width: 1080px) 100vw, 1080px\" \/><\/figure><div class=\"wp-block-media-text__content\">\n<p>La Voli\u00e8re sera pr\u00e9sente au Forum des associations de Saint-Nazaire, un rendez-vous incontournable pour d\u00e9couvrir les acteurs associatifs locaux et \u00e9changer avec le public. <\/p>\n\n\n\n<p>Venez rencontrer une partie de notre \u00e9quipe, d\u00e9couvrir nos projets et en apprendre davantage sur nos actions et nos activit\u00e9s. <\/p>\n\n\n\n<p><\/p>\n\n\n\n<p><strong>DATE &amp; HORAIRES<\/strong> : Samedi 5 septembre de 9h30 \u00e0 18h<\/p>\n\n\n\n<p><strong>LIEU<\/strong> : Place Am\u00e9rique Latine, emplacement A 60.<\/p>\n\n\n\n<div class=\"wp-block-buttons is-layout-flex wp-block-buttons-is-layout-flex\">\n<div class=\"wp-block-button\"><a class=\"wp-block-button__link wp-element-button\" href=\"https:\/\/placeauxassociations-saintnazaire.plan-interactif.com\/fr\/#!\/search\/la%20voli%C3%A8re%20-%20lrda\/entity\/ASSO_60\/space\/A60\" target=\"_blank\" rel=\"noreferrer noopener\">Carte Interactive<\/a><\/div>\n<\/div>\n\n\n\n<p><\/p>\n<\/div><\/div>\n\n\n\n<p class=\"has-text-align-left\"><\/p>\n<\/div>\n<\/div>\n","protected":false},"excerpt":{"rendered":"<p>La Voli\u00e8re sera pr\u00e9sente au Forum des associations de Saint-Nazaire, un rendez-vous incontournable pour d\u00e9couvrir les acteurs associatifs locaux et \u00e9changer avec le public. Venez rencontrer une partie de notre \u00e9quipe, d\u00e9couvrir nos projets et en apprendre davantage sur nos actions et nos activit\u00e9s. DATE &amp; HORAIRES : Samedi 5 septembre de 9h30 \u00e0 18h LIEU : Place Am\u00e9rique Latine, emplacement A 60.<\/p>\n","protected":false},"author":1,"featured_media":6209,"comment_status":"closed","ping_status":"closed","sticky":false,"template":"","format":"standard","meta":{"site-sidebar-layout":"default","site-content-layout":"default","ast-global-header-display":"","ast-main-header-display":"","ast-hfb-above-header-display":"","ast-hfb-below-header-display":"","ast-hfb-mobile-header-display":"","site-post-title":"","ast-breadcrumbs-content":"","ast-featured-img":"","footer-sml-layout":"","theme-transparent-header-meta":"","adv-header-id-meta":"","stick-header-meta":"","header-above-stick-meta":"","header-main-stick-meta":"","header-below-stick-meta":"","ngg_post_thumbnail":0,"footnotes":""},"categories":[53],"tags":[56],"class_list":["post-6208","post","type-post","status-publish","format-standard","has-post-thumbnail","hentry","category-evenements-spectacles","tag-articlesactualites"],"yoast_head":"<!-- This site is optimized with the Yoast SEO plugin v26.8 - https:\/\/yoast.com\/product\/yoast-seo-wordpress\/ -->\n<title>RENCONTRE \/ Forum des associations - La Voli\u00e8re<\/title>\n<meta name=\"description\" content=\"D\u00e9couvrez les actualit\u00e9s de La Voli\u00e8re\" \/>\n<meta name=\"robots\" content=\"index, follow, max-snippet:-1, max-image-preview:large, max-video-preview:-1\" \/>\n<link rel=\"canonical\" href=\"https:\/\/lavolierecirque.com\/index.php\/2026\/08\/27\/rencontre-forum-des-associations\/\" \/>\n<meta property=\"og:locale\" content=\"fr_FR\" \/>\n<meta property=\"og:type\" content=\"article\" \/>\n<meta property=\"og:title\" content=\"RENCONTRE \/ Forum des associations - La Voli\u00e8re\" \/>\n<meta property=\"og:description\" content=\"D\u00e9couvrez les actualit\u00e9s de La Voli\u00e8re\" \/>\n<meta property=\"og:url\" content=\"https:\/\/lavolierecirque.com\/index.php\/2026\/08\/27\/rencontre-forum-des-associations\/\" \/>\n<meta property=\"og:site_name\" content=\"La Voli\u00e8re\" \/>\n<meta property=\"article:published_time\" content=\"2026-08-27T12:26:55+00:00\" \/>\n<meta property=\"article:modified_time\" content=\"2026-08-31T12:27:45+00:00\" \/>\n<meta property=\"og:image\" content=\"https:\/\/lavolierecirque.com\/wp-content\/uploads\/2026\/08\/VIGNETTES-SITE-RS-18.png\" \/>\n\t<meta property=\"og:image:width\" content=\"1080\" \/>\n\t<meta property=\"og:image:height\" content=\"1080\" \/>\n\t<meta property=\"og:image:type\" content=\"image\/png\" \/>\n<meta name=\"author\" content=\"admin5999\" \/>\n<meta name=\"twitter:card\" content=\"summary_large_image\" \/>\n<meta name=\"twitter:label1\" content=\"\u00c9crit par\" \/>\n\t<meta name=\"twitter:data1\" content=\"admin5999\" \/>\n\t<meta name=\"twitter:label2\" content=\"Dur\u00e9e de lecture estim\u00e9e\" \/>\n\t<meta name=\"twitter:data2\" content=\"1 minute\" \/>\n<script type=\"application\/ld+json\" class=\"yoast-schema-graph\">{\"@context\":\"https:\/\/schema.org\",\"@graph\":[{\"@type\":\"Article\",\"@id\":\"https:\/\/lavolierecirque.com\/index.php\/2026\/08\/27\/rencontre-forum-des-associations\/#article\",\"isPartOf\":{\"@id\":\"https:\/\/lavolierecirque.com\/index.php\/2026\/08\/27\/rencontre-forum-des-associations\/\"},\"author\":{\"name\":\"admin5999\",\"@id\":\"https:\/\/lavolierecirque.com\/#\/schema\/person\/3dfbf06f98e272ebf13b70057fabbc0d\"},\"headline\":\"RENCONTRE \/ Forum des associations\",\"datePublished\":\"2026-08-27T12:26:55+00:00\",\"dateModified\":\"2026-08-31T12:27:45+00:00\",\"mainEntityOfPage\":{\"@id\":\"https:\/\/lavolierecirque.com\/index.php\/2026\/08\/27\/rencontre-forum-des-associations\/\"},\"wordCount\":70,\"image\":{\"@id\":\"https:\/\/lavolierecirque.com\/index.php\/2026\/08\/27\/rencontre-forum-des-associations\/#primaryimage\"},\"thumbnailUrl\":\"https:\/\/lavolierecirque.com\/wp-content\/uploads\/2026\/08\/VIGNETTES-SITE-RS-18.png\",\"keywords\":[\"actualites_carousel\"],\"articleSection\":[\"\u00c9v\u00e9nements\"],\"inLanguage\":\"fr-FR\"},{\"@type\":\"WebPage\",\"@id\":\"https:\/\/lavolierecirque.com\/index.php\/2026\/08\/27\/rencontre-forum-des-associations\/\",\"url\":\"https:\/\/lavolierecirque.com\/index.php\/2026\/08\/27\/rencontre-forum-des-associations\/\",\"name\":\"RENCONTRE \/ Forum des associations - La Voli\u00e8re\",\"isPartOf\":{\"@id\":\"https:\/\/lavolierecirque.com\/#website\"},\"primaryImageOfPage\":{\"@id\":\"https:\/\/lavolierecirque.com\/index.php\/2026\/08\/27\/rencontre-forum-des-associations\/#primaryimage\"},\"image\":{\"@id\":\"https:\/\/lavolierecirque.com\/index.php\/2026\/08\/27\/rencontre-forum-des-associations\/#primaryimage\"},\"thumbnailUrl\":\"https:\/\/lavolierecirque.com\/wp-content\/uploads\/2026\/08\/VIGNETTES-SITE-RS-18.png\",\"datePublished\":\"2026-08-27T12:26:55+00:00\",\"dateModified\":\"2026-08-31T12:27:45+00:00\",\"author\":{\"@id\":\"https:\/\/lavolierecirque.com\/#\/schema\/person\/3dfbf06f98e272ebf13b70057fabbc0d\"},\"description\":\"D\u00e9couvrez les actualit\u00e9s de La Voli\u00e8re\",\"breadcrumb\":{\"@id\":\"https:\/\/lavolierecirque.com\/index.php\/2026\/08\/27\/rencontre-forum-des-associations\/#breadcrumb\"},\"inLanguage\":\"fr-FR\",\"potentialAction\":[{\"@type\":\"ReadAction\",\"target\":[\"https:\/\/lavolierecirque.com\/index.php\/2026\/08\/27\/rencontre-forum-des-associations\/\"]}]},{\"@type\":\"ImageObject\",\"inLanguage\":\"fr-FR\",\"@id\":\"https:\/\/lavolierecirque.com\/index.php\/2026\/08\/27\/rencontre-forum-des-associations\/#primaryimage\",\"url\":\"https:\/\/lavolierecirque.com\/wp-content\/uploads\/2026\/08\/VIGNETTES-SITE-RS-18.png\",\"contentUrl\":\"https:\/\/lavolierecirque.com\/wp-content\/uploads\/2026\/08\/VIGNETTES-SITE-RS-18.png\",\"width\":1080,\"height\":1080},{\"@type\":\"BreadcrumbList\",\"@id\":\"https:\/\/lavolierecirque.com\/index.php\/2026\/08\/27\/rencontre-forum-des-associations\/#breadcrumb\",\"itemListElement\":[{\"@type\":\"ListItem\",\"position\":1,\"name\":\"Accueil\",\"item\":\"https:\/\/lavolierecirque.com\/\"},{\"@type\":\"ListItem\",\"position\":2,\"name\":\"RENCONTRE \/ Forum des associations\"}]},{\"@type\":\"WebSite\",\"@id\":\"https:\/\/lavolierecirque.com\/#website\",\"url\":\"https:\/\/lavolierecirque.com\/\",\"name\":\"La Voli\u00e8re\",\"description\":\"Lieu d\u00e9di\u00e9 au nouveau cirque &amp; \u00e0 la danse a\u00e9rienne\",\"potentialAction\":[{\"@type\":\"SearchAction\",\"target\":{\"@type\":\"EntryPoint\",\"urlTemplate\":\"https:\/\/lavolierecirque.com\/?s={search_term_string}\"},\"query-input\":{\"@type\":\"PropertyValueSpecification\",\"valueRequired\":true,\"valueName\":\"search_term_string\"}}],\"inLanguage\":\"fr-FR\"},{\"@type\":\"Person\",\"@id\":\"https:\/\/lavolierecirque.com\/#\/schema\/person\/3dfbf06f98e272ebf13b70057fabbc0d\",\"name\":\"admin5999\",\"image\":{\"@type\":\"ImageObject\",\"inLanguage\":\"fr-FR\",\"@id\":\"https:\/\/lavolierecirque.com\/#\/schema\/person\/image\/\",\"url\":\"https:\/\/secure.gravatar.com\/avatar\/fad7dc9c5cde7157abf9bb29befecd0e?s=96&d=mm&r=g\",\"contentUrl\":\"https:\/\/secure.gravatar.com\/avatar\/fad7dc9c5cde7157abf9bb29befecd0e?s=96&d=mm&r=g\",\"caption\":\"admin5999\"},\"sameAs\":[\"http:\/\/lavolierecirque.com\"],\"url\":\"https:\/\/lavolierecirque.com\/index.php\/author\/admin5999\/\"}]}<\/script>\n<!-- \/ Yoast SEO plugin. -->","yoast_head_json":{"title":"RENCONTRE \/ Forum des associations - La Voli\u00e8re","description":"D\u00e9couvrez les actualit\u00e9s de La Voli\u00e8re","robots":{"index":"index","follow":"follow","max-snippet":"max-snippet:-1","max-image-preview":"max-image-preview:large","max-video-preview":"max-video-preview:-1"},"canonical":"https:\/\/lavolierecirque.com\/index.php\/2026\/08\/27\/rencontre-forum-des-associations\/","og_locale":"fr_FR","og_type":"article","og_title":"RENCONTRE \/ Forum des associations - La Voli\u00e8re","og_description":"D\u00e9couvrez les actualit\u00e9s de La Voli\u00e8re","og_url":"https:\/\/lavolierecirque.com\/index.php\/2026\/08\/27\/rencontre-forum-des-associations\/","og_site_name":"La Voli\u00e8re","article_published_time":"2026-08-27T12:26:55+00:00","article_modified_time":"2026-08-31T12:27:45+00:00","og_image":[{"url":"https:\/\/lavolierecirque.com\/wp-content\/uploads\/2026\/08\/VIGNETTES-SITE-RS-18.png","width":1080,"height":1080,"type":"image\/png"}],"author":"admin5999","twitter_card":"summary_large_image","twitter_misc":{"\u00c9crit par":"admin5999","Dur\u00e9e de lecture estim\u00e9e":"1 minute"},"schema":{"@context":"https:\/\/schema.org","@graph":[{"@type":"Article","@id":"https:\/\/lavolierecirque.com\/index.php\/2026\/08\/27\/rencontre-forum-des-associations\/#article","isPartOf":{"@id":"https:\/\/lavolierecirque.com\/index.php\/2026\/08\/27\/rencontre-forum-des-associations\/"},"author":{"name":"admin5999","@id":"https:\/\/lavolierecirque.com\/#\/schema\/person\/3dfbf06f98e272ebf13b70057fabbc0d"},"headline":"RENCONTRE \/ Forum des associations","datePublished":"2026-08-27T12:26:55+00:00","dateModified":"2026-08-31T12:27:45+00:00","mainEntityOfPage":{"@id":"https:\/\/lavolierecirque.com\/index.php\/2026\/08\/27\/rencontre-forum-des-associations\/"},"wordCount":70,"image":{"@id":"https:\/\/lavolierecirque.com\/index.php\/2026\/08\/27\/rencontre-forum-des-associations\/#primaryimage"},"thumbnailUrl":"https:\/\/lavolierecirque.com\/wp-content\/uploads\/2026\/08\/VIGNETTES-SITE-RS-18.png","keywords":["actualites_carousel"],"articleSection":["\u00c9v\u00e9nements"],"inLanguage":"fr-FR"},{"@type":"WebPage","@id":"https:\/\/lavolierecirque.com\/index.php\/2026\/08\/27\/rencontre-forum-des-associations\/","url":"https:\/\/lavolierecirque.com\/index.php\/2026\/08\/27\/rencontre-forum-des-associations\/","name":"RENCONTRE \/ Forum des associations - La Voli\u00e8re","isPartOf":{"@id":"https:\/\/lavolierecirque.com\/#website"},"primaryImageOfPage":{"@id":"https:\/\/lavolierecirque.com\/index.php\/2026\/08\/27\/rencontre-forum-des-associations\/#primaryimage"},"image":{"@id":"https:\/\/lavolierecirque.com\/index.php\/2026\/08\/27\/rencontre-forum-des-associations\/#primaryimage"},"thumbnailUrl":"https:\/\/lavolierecirque.com\/wp-content\/uploads\/2026\/08\/VIGNETTES-SITE-RS-18.png","datePublished":"2026-08-27T12:26:55+00:00","dateModified":"2026-08-31T12:27:45+00:00","author":{"@id":"https:\/\/lavolierecirque.com\/#\/schema\/person\/3dfbf06f98e272ebf13b70057fabbc0d"},"description":"D\u00e9couvrez les actualit\u00e9s de La Voli\u00e8re","breadcrumb":{"@id":"https:\/\/lavolierecirque.com\/index.php\/2026\/08\/27\/rencontre-forum-des-associations\/#breadcrumb"},"inLanguage":"fr-FR","potentialAction":[{"@type":"ReadAction","target":["https:\/\/lavolierecirque.com\/index.php\/2026\/08\/27\/rencontre-forum-des-associations\/"]}]},{"@type":"ImageObject","inLanguage":"fr-FR","@id":"https:\/\/lavolierecirque.com\/index.php\/2026\/08\/27\/rencontre-forum-des-associations\/#primaryimage","url":"https:\/\/lavolierecirque.com\/wp-content\/uploads\/2026\/08\/VIGNETTES-SITE-RS-18.png","contentUrl":"https:\/\/lavolierecirque.com\/wp-content\/uploads\/2026\/08\/VIGNETTES-SITE-RS-18.png","width":1080,"height":1080},{"@type":"BreadcrumbList","@id":"https:\/\/lavolierecirque.com\/index.php\/2026\/08\/27\/rencontre-forum-des-associations\/#breadcrumb","itemListElement":[{"@type":"ListItem","position":1,"name":"Accueil","item":"https:\/\/lavolierecirque.com\/"},{"@type":"ListItem","position":2,"name":"RENCONTRE \/ Forum des associations"}]},{"@type":"WebSite","@id":"https:\/\/lavolierecirque.com\/#website","url":"https:\/\/lavolierecirque.com\/","name":"La Voli\u00e8re","description":"Lieu d\u00e9di\u00e9 au nouveau cirque &amp; \u00e0 la danse a\u00e9rienne","potentialAction":[{"@type":"SearchAction","target":{"@type":"EntryPoint","urlTemplate":"https:\/\/lavolierecirque.com\/?s={search_term_string}"},"query-input":{"@type":"PropertyValueSpecification","valueRequired":true,"valueName":"search_term_string"}}],"inLanguage":"fr-FR"},{"@type":"Person","@id":"https:\/\/lavolierecirque.com\/#\/schema\/person\/3dfbf06f98e272ebf13b70057fabbc0d","name":"admin5999","image":{"@type":"ImageObject","inLanguage":"fr-FR","@id":"https:\/\/lavolierecirque.com\/#\/schema\/person\/image\/","url":"https:\/\/secure.gravatar.com\/avatar\/fad7dc9c5cde7157abf9bb29befecd0e?s=96&d=mm&r=g","contentUrl":"https:\/\/secure.gravatar.com\/avatar\/fad7dc9c5cde7157abf9bb29befecd0e?s=96&d=mm&r=g","caption":"admin5999"},"sameAs":["http:\/\/lavolierecirque.com"],"url":"https:\/\/lavolierecirque.com\/index.php\/author\/admin5999\/"}]}},"jetpack_featured_media_url":"https:\/\/lavolierecirque.com\/wp-content\/uploads\/2026\/08\/VIGNETTES-SITE-RS-18.png","rttpg_featured_image_url":{"full":["https:\/\/lavolierecirque.com\/wp-content\/uploads\/2026\/08\/VIGNETTES-SITE-RS-18.png",1080,1080,false],"landscape":["https:\/\/lavolierecirque.com\/wp-content\/uploads\/2026\/08\/VIGNETTES-SITE-RS-18.png",1080,1080,false],"portraits":["https:\/\/lavolierecirque.com\/wp-content\/uploads\/2026\/08\/VIGNETTES-SITE-RS-18.png",1080,1080,false],"thumbnail":["https:\/\/lavolierecirque.com\/wp-content\/uploads\/2026\/08\/VIGNETTES-SITE-RS-18-150x150.png",150,150,true],"medium":["https:\/\/lavolierecirque.com\/wp-content\/uploads\/2026\/08\/VIGNETTES-SITE-RS-18-300x300.png",300,300,true],"large":["https:\/\/lavolierecirque.com\/wp-content\/uploads\/2026\/08\/VIGNETTES-SITE-RS-18.png",1080,1080,false],"1536x1536":["https:\/\/lavolierecirque.com\/wp-content\/uploads\/2026\/08\/VIGNETTES-SITE-RS-18.png",1080,1080,false],"2048x2048":["https:\/\/lavolierecirque.com\/wp-content\/uploads\/2026\/08\/VIGNETTES-SITE-RS-18.png",1080,1080,false]},"rttpg_author":{"display_name":"admin5999","author_link":"https:\/\/lavolierecirque.com\/index.php\/author\/admin5999\/"},"rttpg_comment":0,"rttpg_category":"<a href=\"https:\/\/lavolierecirque.com\/index.php\/category\/evenements-spectacles\/\" rel=\"category tag\">\u00c9v\u00e9nements<\/a>","rttpg_excerpt":"La Voli\u00e8re sera pr\u00e9sente au Forum des associations de Saint-Nazaire, un rendez-vous incontournable pour d\u00e9couvrir les acteurs associatifs locaux et \u00e9changer avec le public. Venez rencontrer une partie de notre \u00e9quipe, d\u00e9couvrir nos projets et en apprendre davantage sur nos actions et nos activit\u00e9s. DATE &amp; HORAIRES : Samedi 5 septembre de 9h30 \u00e0 18h\u2026","_links":{"self":[{"href":"https:\/\/lavolierecirque.com\/index.php\/wp-json\/wp\/v2\/posts\/6208","targetHints":{"allow":["GET"]}}],"collection":[{"href":"https:\/\/lavolierecirque.com\/index.php\/wp-json\/wp\/v2\/posts"}],"about":[{"href":"https:\/\/lavolierecirque.com\/index.php\/wp-json\/wp\/v2\/types\/post"}],"author":[{"embeddable":true,"href":"https:\/\/lavolierecirque.com\/index.php\/wp-json\/wp\/v2\/users\/1"}],"replies":[{"embeddable":true,"href":"https:\/\/lavolierecirque.com\/index.php\/wp-json\/wp\/v2\/comments?post=6208"}],"version-history":[{"count":1,"href":"https:\/\/lavolierecirque.com\/index.php\/wp-json\/wp\/v2\/posts\/6208\/revisions"}],"predecessor-version":[{"id":6210,"href":"https:\/\/lavolierecirque.com\/index.php\/wp-json\/wp\/v2\/posts\/6208\/revisions\/6210"}],"wp:featuredmedia":[{"embeddable":true,"href":"https:\/\/lavolierecirque.com\/index.php\/wp-json\/wp\/v2\/media\/6209"}],"wp:attachment":[{"href":"https:\/\/lavolierecirque.com\/index.php\/wp-json\/wp\/v2\/media?parent=6208"}],"wp:term":[{"taxonomy":"category","embeddable":true,"href":"https:\/\/lavolierecirque.com\/index.php\/wp-json\/wp\/v2\/categories?post=6208"},{"taxonomy":"post_tag","embeddable":true,"href":"https:\/\/lavolierecirque.com\/index.php\/wp-json\/wp\/v2\/tags?post=6208"}],"curies":[{"name":"wp","href":"https:\/\/api.w.org\/{rel}","templated":true}]}}