{"id":6172,"date":"2026-09-03T12:32:01","date_gmt":"2026-09-03T10:32:01","guid":{"rendered":"https:\/\/lavolierecirque.com\/?p=6172"},"modified":"2026-09-03T12:32:02","modified_gmt":"2026-09-03T10:32:02","slug":"evenement-saut-de-mouton-2","status":"publish","type":"post","link":"https:\/\/lavolierecirque.com\/index.php\/2026\/09\/03\/evenement-saut-de-mouton-2\/","title":{"rendered":"EVENEMENT \/ Saut-De-Mouton"},"content":{"rendered":"\n<p>Saut-de-Mouton est le festival destin\u00e9 aux enfants : th\u00e9\u00e2tre, cin\u00e9ma, cirque, musique, danse, lecture, exposition, ateliers..<\/p>\n\n\n\n<div class=\"wp-block-columns is-layout-flex wp-container-core-columns-is-layout-1 wp-block-columns-is-layout-flex\">\n<div class=\"wp-block-column is-layout-flow wp-block-column-is-layout-flow\" style=\"flex-basis:100%\">\n<div class=\"wp-block-media-text is-stacked-on-mobile\" style=\"grid-template-columns:24% auto\"><figure class=\"wp-block-media-text__media\"><img fetchpriority=\"high\" decoding=\"async\" width=\"1080\" height=\"1080\" src=\"https:\/\/lavolierecirque.com\/wp-content\/uploads\/2026\/08\/ATELIER1.png\" alt=\"\" class=\"wp-image-6221 size-full\" srcset=\"https:\/\/lavolierecirque.com\/wp-content\/uploads\/2026\/08\/ATELIER1.png 1080w, https:\/\/lavolierecirque.com\/wp-content\/uploads\/2026\/08\/ATELIER1-300x300.png 300w, https:\/\/lavolierecirque.com\/wp-content\/uploads\/2026\/08\/ATELIER1-150x150.png 150w, https:\/\/lavolierecirque.com\/wp-content\/uploads\/2026\/08\/ATELIER1-768x768.png 768w\" sizes=\"(max-width: 1080px) 100vw, 1080px\" \/><\/figure><div class=\"wp-block-media-text__content\">\n<p><img decoding=\"async\" height=\"16\" width=\"16\" src=\"https:\/\/static.xx.fbcdn.net\/images\/emoji.php\/v9\/t70\/1\/16\/1f536.png\" alt=\"\ud83d\udd36\"> <strong>Ateliers en famille<\/strong><br>D\u00e9couverte des arts du cirque (motricit\u00e9, jonglerie, port\u00e9s acrobatiques)<br><strong>DATE &amp; HORAIRES<\/strong> : Samedi 17 octobre de 10h \u00e0 11h  <br>Deux ateliers de 45 min \/ De 3 \u00e0 8 ans<br><strong>LIEU<\/strong>: Au Th\u00e9\u00e2tre <br><strong>TARIF:<\/strong>  7,5 \u20ac par personne &#8211; <em>Lien r\u00e9servation \u00e0 venir<\/em><\/p>\n<\/div><\/div>\n\n\n\n<div class=\"wp-block-media-text is-stacked-on-mobile\" style=\"grid-template-columns:24% auto\"><figure class=\"wp-block-media-text__media\"><img decoding=\"async\" width=\"1080\" height=\"1080\" src=\"https:\/\/lavolierecirque.com\/wp-content\/uploads\/2026\/09\/MARZIA1.png\" alt=\"\" class=\"wp-image-6222 size-full\" srcset=\"https:\/\/lavolierecirque.com\/wp-content\/uploads\/2026\/09\/MARZIA1.png 1080w, https:\/\/lavolierecirque.com\/wp-content\/uploads\/2026\/09\/MARZIA1-300x300.png 300w, https:\/\/lavolierecirque.com\/wp-content\/uploads\/2026\/09\/MARZIA1-150x150.png 150w, https:\/\/lavolierecirque.com\/wp-content\/uploads\/2026\/09\/MARZIA1-768x768.png 768w\" sizes=\"(max-width: 1080px) 100vw, 1080px\" \/><\/figure><div class=\"wp-block-media-text__content\">\n<p><img decoding=\"async\" height=\"16\" width=\"16\" src=\"https:\/\/static.xx.fbcdn.net\/images\/emoji.php\/v9\/t70\/1\/16\/1f536.png\" alt=\"\ud83d\udd36\"><strong>Spectacle de cirque contemporain \u2013danse &#8211; th\u00e9\u00e2tre<\/strong><br><em>E. <\/em>de Marzia Zambianchi<em> <\/em>est un spectacle pluridisciplinaire qui m\u00eale cirque contemporain, danse, th\u00e9\u00e2tre et manipulation d\u2019objets, proposant une r\u00e9\u00e9criture onirique et surr\u00e9aliste du mythe d\u2019\u00c8ve. \u00c0 travers une narration non lin\u00e9aire et un langage hybride, il explore l\u2019\u00e9mancipation, la d\u00e9sob\u00e9issance et la qu\u00eate de connaissance. Les images, les corps et les objets composent un univers singulier, o\u00f9 le r\u00e9el bascule vers le surr\u00e9el.<br><strong>DATE &amp; HORAIRES<\/strong> : Vendredi 23 octobre \u00e0 16h<br><strong>LIEU<\/strong> : \u00c0 la Voli\u00e8re<br>Dur\u00e9e : environ 30 minutes \/ \u00c0 partir de 6 ans<br><strong>TARIF<\/strong>: 5,50 \u20ac <\/p>\n\n\n\n<div class=\"wp-block-buttons is-layout-flex wp-block-buttons-is-layout-flex\">\n<div class=\"wp-block-button\"><a class=\"wp-block-button__link wp-element-button\" href=\"https:\/\/www.billetweb.fr\/saut-de-mouton-spectacle-e-de-marzia-zambianchi\" target=\"_blank\" rel=\"noreferrer noopener\">R\u00e9servation<\/a><\/div>\n<\/div>\n<\/div><\/div>\n\n\n\n<p><\/p>\n\n\n\n<p class=\"has-text-align-left\"><em>Ce festival est imagin\u00e9 par le Th\u00e9\u00e2tre et le Cin\u00e9ma Tati, le VIP, Ath\u00e9nor, La Voli\u00e8re, Bain Public, le Grand Caf\u00e9, le Conservatoire de Saint-Nazaire, la M\u00e9diath\u00e8que \u00c9tienne Caux, l\u2019\u00c9cole des Beaux-Arts \u00e0 Saint-Nazaire, les villes de Paimb\u0153uf et Saint-Br\u00e9vin Les Pins, Quai des Arts \u00e0 Pornichet et les biblioth\u00e8ques de la Communaut\u00e9 de Communes Sud Estuaire.<\/em><\/p>\n<\/div>\n<\/div>\n\n\n\n<p><\/p>\n","protected":false},"excerpt":{"rendered":"<p>Saut-de-Mouton est le festival destin\u00e9 aux enfants : th\u00e9\u00e2tre, cin\u00e9ma, cirque, musique, danse, lecture, exposition, ateliers.. Ateliers en familleD\u00e9couverte des arts du cirque (motricit\u00e9, jonglerie, port\u00e9s acrobatiques)DATE &amp; HORAIRES : Samedi 17 octobre de 10h \u00e0 11h Deux ateliers de 45 min \/ De 3 \u00e0 8 ansLIEU: Au Th\u00e9\u00e2tre TARIF: 7,5 \u20ac par personne &#8211; Lien r\u00e9servation \u00e0 venir Spectacle de cirque contemporain \u2013danse &#8211; th\u00e9\u00e2treE. de Marzia Zambianchi est un spectacle pluridisciplinaire qui m\u00eale cirque contemporain, danse, th\u00e9\u00e2tre et manipulation d\u2019objets, proposant une r\u00e9\u00e9criture onirique et surr\u00e9aliste du mythe d\u2019\u00c8ve. \u00c0 travers une narration non lin\u00e9aire et un langage hybride, il explore l\u2019\u00e9mancipation, la d\u00e9sob\u00e9issance et la qu\u00eate de connaissance. Les images, les corps et les objets composent un univers singulier, o\u00f9 le r\u00e9el bascule vers le surr\u00e9el.DATE &amp; HORAIRES : Vendredi 23 octobre \u00e0 16hLIEU : \u00c0 la Voli\u00e8reDur\u00e9e : environ 30 minutes \/ \u00c0 partir de 6 ansTARIF: 5,50 \u20ac Ce festival est imagin\u00e9 par le Th\u00e9\u00e2tre et le Cin\u00e9ma Tati, le VIP, Ath\u00e9nor, La Voli\u00e8re, Bain Public, le Grand Caf\u00e9, le Conservatoire de Saint-Nazaire, la M\u00e9diath\u00e8que \u00c9tienne Caux, l\u2019\u00c9cole des Beaux-Arts \u00e0 Saint-Nazaire, les villes de Paimb\u0153uf et Saint-Br\u00e9vin Les Pins, Quai des Arts \u00e0 Pornichet et les biblioth\u00e8ques de la Communaut\u00e9 de Communes Sud Estuaire.<\/p>\n","protected":false},"author":1,"featured_media":6223,"comment_status":"closed","ping_status":"closed","sticky":false,"template":"","format":"standard","meta":{"site-sidebar-layout":"default","site-content-layout":"default","ast-global-header-display":"","ast-main-header-display":"","ast-hfb-above-header-display":"","ast-hfb-below-header-display":"","ast-hfb-mobile-header-display":"","site-post-title":"","ast-breadcrumbs-content":"","ast-featured-img":"","footer-sml-layout":"","theme-transparent-header-meta":"","adv-header-id-meta":"","stick-header-meta":"","header-above-stick-meta":"","header-main-stick-meta":"","header-below-stick-meta":"","ngg_post_thumbnail":0,"footnotes":""},"categories":[53],"tags":[56],"class_list":["post-6172","post","type-post","status-publish","format-standard","has-post-thumbnail","hentry","category-evenements-spectacles","tag-articlesactualites"],"yoast_head":"<!-- This site is optimized with the Yoast SEO plugin v26.8 - https:\/\/yoast.com\/product\/yoast-seo-wordpress\/ -->\n<title>EVENEMENT \/ Saut-De-Mouton - La Voli\u00e8re<\/title>\n<meta name=\"description\" content=\"D\u00e9couvrez les actualit\u00e9s de La Voli\u00e8re\" \/>\n<meta name=\"robots\" content=\"index, follow, max-snippet:-1, max-image-preview:large, max-video-preview:-1\" \/>\n<link rel=\"canonical\" href=\"https:\/\/lavolierecirque.com\/index.php\/2026\/09\/03\/evenement-saut-de-mouton-2\/\" \/>\n<meta property=\"og:locale\" content=\"fr_FR\" \/>\n<meta property=\"og:type\" content=\"article\" \/>\n<meta property=\"og:title\" content=\"EVENEMENT \/ Saut-De-Mouton - La Voli\u00e8re\" \/>\n<meta property=\"og:description\" content=\"D\u00e9couvrez les actualit\u00e9s de La Voli\u00e8re\" \/>\n<meta property=\"og:url\" content=\"https:\/\/lavolierecirque.com\/index.php\/2026\/09\/03\/evenement-saut-de-mouton-2\/\" \/>\n<meta property=\"og:site_name\" content=\"La Voli\u00e8re\" \/>\n<meta property=\"article:published_time\" content=\"2026-09-03T10:32:01+00:00\" \/>\n<meta property=\"article:modified_time\" content=\"2026-09-03T10:32:02+00:00\" \/>\n<meta property=\"og:image\" content=\"https:\/\/lavolierecirque.com\/wp-content\/uploads\/2026\/09\/Evenement.png\" \/>\n\t<meta property=\"og:image:width\" content=\"1080\" \/>\n\t<meta property=\"og:image:height\" content=\"1080\" \/>\n\t<meta property=\"og:image:type\" content=\"image\/png\" \/>\n<meta name=\"author\" content=\"admin5999\" \/>\n<meta name=\"twitter:card\" content=\"summary_large_image\" \/>\n<meta name=\"twitter:label1\" content=\"\u00c9crit par\" \/>\n\t<meta name=\"twitter:data1\" content=\"admin5999\" \/>\n\t<meta name=\"twitter:label2\" content=\"Dur\u00e9e de lecture estim\u00e9e\" \/>\n\t<meta name=\"twitter:data2\" content=\"3 minutes\" \/>\n<script type=\"application\/ld+json\" class=\"yoast-schema-graph\">{\"@context\":\"https:\/\/schema.org\",\"@graph\":[{\"@type\":\"Article\",\"@id\":\"https:\/\/lavolierecirque.com\/index.php\/2026\/09\/03\/evenement-saut-de-mouton-2\/#article\",\"isPartOf\":{\"@id\":\"https:\/\/lavolierecirque.com\/index.php\/2026\/09\/03\/evenement-saut-de-mouton-2\/\"},\"author\":{\"name\":\"admin5999\",\"@id\":\"https:\/\/lavolierecirque.com\/#\/schema\/person\/3dfbf06f98e272ebf13b70057fabbc0d\"},\"headline\":\"EVENEMENT \/ Saut-De-Mouton\",\"datePublished\":\"2026-09-03T10:32:01+00:00\",\"dateModified\":\"2026-09-03T10:32:02+00:00\",\"mainEntityOfPage\":{\"@id\":\"https:\/\/lavolierecirque.com\/index.php\/2026\/09\/03\/evenement-saut-de-mouton-2\/\"},\"wordCount\":227,\"image\":{\"@id\":\"https:\/\/lavolierecirque.com\/index.php\/2026\/09\/03\/evenement-saut-de-mouton-2\/#primaryimage\"},\"thumbnailUrl\":\"https:\/\/lavolierecirque.com\/wp-content\/uploads\/2026\/09\/Evenement.png\",\"keywords\":[\"actualites_carousel\"],\"articleSection\":[\"\u00c9v\u00e9nements\"],\"inLanguage\":\"fr-FR\"},{\"@type\":\"WebPage\",\"@id\":\"https:\/\/lavolierecirque.com\/index.php\/2026\/09\/03\/evenement-saut-de-mouton-2\/\",\"url\":\"https:\/\/lavolierecirque.com\/index.php\/2026\/09\/03\/evenement-saut-de-mouton-2\/\",\"name\":\"EVENEMENT \/ Saut-De-Mouton - La Voli\u00e8re\",\"isPartOf\":{\"@id\":\"https:\/\/lavolierecirque.com\/#website\"},\"primaryImageOfPage\":{\"@id\":\"https:\/\/lavolierecirque.com\/index.php\/2026\/09\/03\/evenement-saut-de-mouton-2\/#primaryimage\"},\"image\":{\"@id\":\"https:\/\/lavolierecirque.com\/index.php\/2026\/09\/03\/evenement-saut-de-mouton-2\/#primaryimage\"},\"thumbnailUrl\":\"https:\/\/lavolierecirque.com\/wp-content\/uploads\/2026\/09\/Evenement.png\",\"datePublished\":\"2026-09-03T10:32:01+00:00\",\"dateModified\":\"2026-09-03T10:32:02+00:00\",\"author\":{\"@id\":\"https:\/\/lavolierecirque.com\/#\/schema\/person\/3dfbf06f98e272ebf13b70057fabbc0d\"},\"description\":\"D\u00e9couvrez les actualit\u00e9s de La Voli\u00e8re\",\"breadcrumb\":{\"@id\":\"https:\/\/lavolierecirque.com\/index.php\/2026\/09\/03\/evenement-saut-de-mouton-2\/#breadcrumb\"},\"inLanguage\":\"fr-FR\",\"potentialAction\":[{\"@type\":\"ReadAction\",\"target\":[\"https:\/\/lavolierecirque.com\/index.php\/2026\/09\/03\/evenement-saut-de-mouton-2\/\"]}]},{\"@type\":\"ImageObject\",\"inLanguage\":\"fr-FR\",\"@id\":\"https:\/\/lavolierecirque.com\/index.php\/2026\/09\/03\/evenement-saut-de-mouton-2\/#primaryimage\",\"url\":\"https:\/\/lavolierecirque.com\/wp-content\/uploads\/2026\/09\/Evenement.png\",\"contentUrl\":\"https:\/\/lavolierecirque.com\/wp-content\/uploads\/2026\/09\/Evenement.png\",\"width\":1080,\"height\":1080},{\"@type\":\"BreadcrumbList\",\"@id\":\"https:\/\/lavolierecirque.com\/index.php\/2026\/09\/03\/evenement-saut-de-mouton-2\/#breadcrumb\",\"itemListElement\":[{\"@type\":\"ListItem\",\"position\":1,\"name\":\"Accueil\",\"item\":\"https:\/\/lavolierecirque.com\/\"},{\"@type\":\"ListItem\",\"position\":2,\"name\":\"EVENEMENT \/ Saut-De-Mouton\"}]},{\"@type\":\"WebSite\",\"@id\":\"https:\/\/lavolierecirque.com\/#website\",\"url\":\"https:\/\/lavolierecirque.com\/\",\"name\":\"La Voli\u00e8re\",\"description\":\"Lieu d\u00e9di\u00e9 au nouveau cirque &amp; \u00e0 la danse a\u00e9rienne\",\"potentialAction\":[{\"@type\":\"SearchAction\",\"target\":{\"@type\":\"EntryPoint\",\"urlTemplate\":\"https:\/\/lavolierecirque.com\/?s={search_term_string}\"},\"query-input\":{\"@type\":\"PropertyValueSpecification\",\"valueRequired\":true,\"valueName\":\"search_term_string\"}}],\"inLanguage\":\"fr-FR\"},{\"@type\":\"Person\",\"@id\":\"https:\/\/lavolierecirque.com\/#\/schema\/person\/3dfbf06f98e272ebf13b70057fabbc0d\",\"name\":\"admin5999\",\"image\":{\"@type\":\"ImageObject\",\"inLanguage\":\"fr-FR\",\"@id\":\"https:\/\/lavolierecirque.com\/#\/schema\/person\/image\/\",\"url\":\"https:\/\/secure.gravatar.com\/avatar\/fad7dc9c5cde7157abf9bb29befecd0e?s=96&d=mm&r=g\",\"contentUrl\":\"https:\/\/secure.gravatar.com\/avatar\/fad7dc9c5cde7157abf9bb29befecd0e?s=96&d=mm&r=g\",\"caption\":\"admin5999\"},\"sameAs\":[\"http:\/\/lavolierecirque.com\"],\"url\":\"https:\/\/lavolierecirque.com\/index.php\/author\/admin5999\/\"}]}<\/script>\n<!-- \/ Yoast SEO plugin. -->","yoast_head_json":{"title":"EVENEMENT \/ Saut-De-Mouton - La Voli\u00e8re","description":"D\u00e9couvrez les actualit\u00e9s de La Voli\u00e8re","robots":{"index":"index","follow":"follow","max-snippet":"max-snippet:-1","max-image-preview":"max-image-preview:large","max-video-preview":"max-video-preview:-1"},"canonical":"https:\/\/lavolierecirque.com\/index.php\/2026\/09\/03\/evenement-saut-de-mouton-2\/","og_locale":"fr_FR","og_type":"article","og_title":"EVENEMENT \/ Saut-De-Mouton - La Voli\u00e8re","og_description":"D\u00e9couvrez les actualit\u00e9s de La Voli\u00e8re","og_url":"https:\/\/lavolierecirque.com\/index.php\/2026\/09\/03\/evenement-saut-de-mouton-2\/","og_site_name":"La Voli\u00e8re","article_published_time":"2026-09-03T10:32:01+00:00","article_modified_time":"2026-09-03T10:32:02+00:00","og_image":[{"width":1080,"height":1080,"url":"https:\/\/lavolierecirque.com\/wp-content\/uploads\/2026\/09\/Evenement.png","type":"image\/png"}],"author":"admin5999","twitter_card":"summary_large_image","twitter_misc":{"\u00c9crit par":"admin5999","Dur\u00e9e de lecture estim\u00e9e":"3 minutes"},"schema":{"@context":"https:\/\/schema.org","@graph":[{"@type":"Article","@id":"https:\/\/lavolierecirque.com\/index.php\/2026\/09\/03\/evenement-saut-de-mouton-2\/#article","isPartOf":{"@id":"https:\/\/lavolierecirque.com\/index.php\/2026\/09\/03\/evenement-saut-de-mouton-2\/"},"author":{"name":"admin5999","@id":"https:\/\/lavolierecirque.com\/#\/schema\/person\/3dfbf06f98e272ebf13b70057fabbc0d"},"headline":"EVENEMENT \/ Saut-De-Mouton","datePublished":"2026-09-03T10:32:01+00:00","dateModified":"2026-09-03T10:32:02+00:00","mainEntityOfPage":{"@id":"https:\/\/lavolierecirque.com\/index.php\/2026\/09\/03\/evenement-saut-de-mouton-2\/"},"wordCount":227,"image":{"@id":"https:\/\/lavolierecirque.com\/index.php\/2026\/09\/03\/evenement-saut-de-mouton-2\/#primaryimage"},"thumbnailUrl":"https:\/\/lavolierecirque.com\/wp-content\/uploads\/2026\/09\/Evenement.png","keywords":["actualites_carousel"],"articleSection":["\u00c9v\u00e9nements"],"inLanguage":"fr-FR"},{"@type":"WebPage","@id":"https:\/\/lavolierecirque.com\/index.php\/2026\/09\/03\/evenement-saut-de-mouton-2\/","url":"https:\/\/lavolierecirque.com\/index.php\/2026\/09\/03\/evenement-saut-de-mouton-2\/","name":"EVENEMENT \/ Saut-De-Mouton - La Voli\u00e8re","isPartOf":{"@id":"https:\/\/lavolierecirque.com\/#website"},"primaryImageOfPage":{"@id":"https:\/\/lavolierecirque.com\/index.php\/2026\/09\/03\/evenement-saut-de-mouton-2\/#primaryimage"},"image":{"@id":"https:\/\/lavolierecirque.com\/index.php\/2026\/09\/03\/evenement-saut-de-mouton-2\/#primaryimage"},"thumbnailUrl":"https:\/\/lavolierecirque.com\/wp-content\/uploads\/2026\/09\/Evenement.png","datePublished":"2026-09-03T10:32:01+00:00","dateModified":"2026-09-03T10:32:02+00:00","author":{"@id":"https:\/\/lavolierecirque.com\/#\/schema\/person\/3dfbf06f98e272ebf13b70057fabbc0d"},"description":"D\u00e9couvrez les actualit\u00e9s de La Voli\u00e8re","breadcrumb":{"@id":"https:\/\/lavolierecirque.com\/index.php\/2026\/09\/03\/evenement-saut-de-mouton-2\/#breadcrumb"},"inLanguage":"fr-FR","potentialAction":[{"@type":"ReadAction","target":["https:\/\/lavolierecirque.com\/index.php\/2026\/09\/03\/evenement-saut-de-mouton-2\/"]}]},{"@type":"ImageObject","inLanguage":"fr-FR","@id":"https:\/\/lavolierecirque.com\/index.php\/2026\/09\/03\/evenement-saut-de-mouton-2\/#primaryimage","url":"https:\/\/lavolierecirque.com\/wp-content\/uploads\/2026\/09\/Evenement.png","contentUrl":"https:\/\/lavolierecirque.com\/wp-content\/uploads\/2026\/09\/Evenement.png","width":1080,"height":1080},{"@type":"BreadcrumbList","@id":"https:\/\/lavolierecirque.com\/index.php\/2026\/09\/03\/evenement-saut-de-mouton-2\/#breadcrumb","itemListElement":[{"@type":"ListItem","position":1,"name":"Accueil","item":"https:\/\/lavolierecirque.com\/"},{"@type":"ListItem","position":2,"name":"EVENEMENT \/ Saut-De-Mouton"}]},{"@type":"WebSite","@id":"https:\/\/lavolierecirque.com\/#website","url":"https:\/\/lavolierecirque.com\/","name":"La Voli\u00e8re","description":"Lieu d\u00e9di\u00e9 au nouveau cirque &amp; \u00e0 la danse a\u00e9rienne","potentialAction":[{"@type":"SearchAction","target":{"@type":"EntryPoint","urlTemplate":"https:\/\/lavolierecirque.com\/?s={search_term_string}"},"query-input":{"@type":"PropertyValueSpecification","valueRequired":true,"valueName":"search_term_string"}}],"inLanguage":"fr-FR"},{"@type":"Person","@id":"https:\/\/lavolierecirque.com\/#\/schema\/person\/3dfbf06f98e272ebf13b70057fabbc0d","name":"admin5999","image":{"@type":"ImageObject","inLanguage":"fr-FR","@id":"https:\/\/lavolierecirque.com\/#\/schema\/person\/image\/","url":"https:\/\/secure.gravatar.com\/avatar\/fad7dc9c5cde7157abf9bb29befecd0e?s=96&d=mm&r=g","contentUrl":"https:\/\/secure.gravatar.com\/avatar\/fad7dc9c5cde7157abf9bb29befecd0e?s=96&d=mm&r=g","caption":"admin5999"},"sameAs":["http:\/\/lavolierecirque.com"],"url":"https:\/\/lavolierecirque.com\/index.php\/author\/admin5999\/"}]}},"jetpack_featured_media_url":"https:\/\/lavolierecirque.com\/wp-content\/uploads\/2026\/09\/Evenement.png","rttpg_featured_image_url":{"full":["https:\/\/lavolierecirque.com\/wp-content\/uploads\/2026\/09\/Evenement.png",1080,1080,false],"landscape":["https:\/\/lavolierecirque.com\/wp-content\/uploads\/2026\/09\/Evenement.png",1080,1080,false],"portraits":["https:\/\/lavolierecirque.com\/wp-content\/uploads\/2026\/09\/Evenement.png",1080,1080,false],"thumbnail":["https:\/\/lavolierecirque.com\/wp-content\/uploads\/2026\/09\/Evenement-150x150.png",150,150,true],"medium":["https:\/\/lavolierecirque.com\/wp-content\/uploads\/2026\/09\/Evenement-300x300.png",300,300,true],"large":["https:\/\/lavolierecirque.com\/wp-content\/uploads\/2026\/09\/Evenement.png",1080,1080,false],"1536x1536":["https:\/\/lavolierecirque.com\/wp-content\/uploads\/2026\/09\/Evenement.png",1080,1080,false],"2048x2048":["https:\/\/lavolierecirque.com\/wp-content\/uploads\/2026\/09\/Evenement.png",1080,1080,false]},"rttpg_author":{"display_name":"admin5999","author_link":"https:\/\/lavolierecirque.com\/index.php\/author\/admin5999\/"},"rttpg_comment":0,"rttpg_category":"<a href=\"https:\/\/lavolierecirque.com\/index.php\/category\/evenements-spectacles\/\" rel=\"category tag\">\u00c9v\u00e9nements<\/a>","rttpg_excerpt":"Saut-de-Mouton est le festival destin\u00e9 aux enfants : th\u00e9\u00e2tre, cin\u00e9ma, cirque, musique, danse, lecture, exposition, ateliers.. Ateliers en familleD\u00e9couverte des arts du cirque (motricit\u00e9, jonglerie, port\u00e9s acrobatiques)DATE &amp; HORAIRES : Samedi 17 octobre de 10h \u00e0 11h Deux ateliers de 45 min \/ De 3 \u00e0 8 ansLIEU: Au Th\u00e9\u00e2tre TARIF: 7,5 \u20ac par personne\u2026","_links":{"self":[{"href":"https:\/\/lavolierecirque.com\/index.php\/wp-json\/wp\/v2\/posts\/6172","targetHints":{"allow":["GET"]}}],"collection":[{"href":"https:\/\/lavolierecirque.com\/index.php\/wp-json\/wp\/v2\/posts"}],"about":[{"href":"https:\/\/lavolierecirque.com\/index.php\/wp-json\/wp\/v2\/types\/post"}],"author":[{"embeddable":true,"href":"https:\/\/lavolierecirque.com\/index.php\/wp-json\/wp\/v2\/users\/1"}],"replies":[{"embeddable":true,"href":"https:\/\/lavolierecirque.com\/index.php\/wp-json\/wp\/v2\/comments?post=6172"}],"version-history":[{"count":3,"href":"https:\/\/lavolierecirque.com\/index.php\/wp-json\/wp\/v2\/posts\/6172\/revisions"}],"predecessor-version":[{"id":6224,"href":"https:\/\/lavolierecirque.com\/index.php\/wp-json\/wp\/v2\/posts\/6172\/revisions\/6224"}],"wp:featuredmedia":[{"embeddable":true,"href":"https:\/\/lavolierecirque.com\/index.php\/wp-json\/wp\/v2\/media\/6223"}],"wp:attachment":[{"href":"https:\/\/lavolierecirque.com\/index.php\/wp-json\/wp\/v2\/media?parent=6172"}],"wp:term":[{"taxonomy":"category","embeddable":true,"href":"https:\/\/lavolierecirque.com\/index.php\/wp-json\/wp\/v2\/categories?post=6172"},{"taxonomy":"post_tag","embeddable":true,"href":"https:\/\/lavolierecirque.com\/index.php\/wp-json\/wp\/v2\/tags?post=6172"}],"curies":[{"name":"wp","href":"https:\/\/api.w.org\/{rel}","templated":true}]}}