{"id":5550,"date":"2026-02-03T15:34:57","date_gmt":"2026-02-03T14:34:57","guid":{"rendered":"https:\/\/lavolierecirque.com\/?p=5550"},"modified":"2026-03-05T13:35:36","modified_gmt":"2026-03-05T12:35:36","slug":"spectacles-sorties-de-residences","status":"publish","type":"post","link":"https:\/\/lavolierecirque.com\/index.php\/2026\/02\/03\/spectacles-sorties-de-residences\/","title":{"rendered":"SPECTACLES \/ Sorties de R\u00e9sidences"},"content":{"rendered":"\n<div class=\"wp-block-columns is-layout-flex wp-container-core-columns-is-layout-1 wp-block-columns-is-layout-flex\">\n<div class=\"wp-block-column is-layout-flow wp-block-column-is-layout-flow\" style=\"flex-basis:100%\">\n<div class=\"wp-block-media-text alignwide is-stacked-on-mobile is-vertically-aligned-top\"><figure class=\"wp-block-media-text__media\"><img fetchpriority=\"high\" decoding=\"async\" width=\"1080\" height=\"1080\" src=\"https:\/\/lavolierecirque.com\/wp-content\/uploads\/2026\/02\/VIGNETTES-SITE-RS-23.png\" alt=\"\" class=\"wp-image-5708 size-full\" srcset=\"https:\/\/lavolierecirque.com\/wp-content\/uploads\/2026\/02\/VIGNETTES-SITE-RS-23.png 1080w, https:\/\/lavolierecirque.com\/wp-content\/uploads\/2026\/02\/VIGNETTES-SITE-RS-23-300x300.png 300w, https:\/\/lavolierecirque.com\/wp-content\/uploads\/2026\/02\/VIGNETTES-SITE-RS-23-150x150.png 150w, https:\/\/lavolierecirque.com\/wp-content\/uploads\/2026\/02\/VIGNETTES-SITE-RS-23-768x768.png 768w\" sizes=\"(max-width: 1080px) 100vw, 1080px\" \/><\/figure><div class=\"wp-block-media-text__content\">\n<p>Depuis un an, La Voli\u00e8re m\u00e8ne une r\u00e9flexion afin de favoriser l\u2019installation durable d\u2019artistes internationaux\u00b7ales sur son territoire.<br><br>En 2024,<strong> Marta Matovelle<\/strong>, artiste espagnole bas\u00e9e en Hongrie, a rejoint La Voli\u00e8re pour une r\u00e9sidence de deux mois dans le cadre du programme <em>Culture Moves Europe<\/em>. En 2025, c\u2019est l\u2019artiste italienne<strong> Marzia Zambianchi<\/strong> qui a poursuivi cette aventure.<\/p>\n\n\n\n<p>\u00c0 l\u2019issue de leurs r\u00e9sidences, ces deux artistes ont fait le choix de s\u2019installer durablement sur le territoire. Ces exp\u00e9riences nous am\u00e8nent aujourd\u2019hui \u00e0 repenser nos mani\u00e8res d\u2019accompagner les artistes : sur le long terme, dans le suivi de leurs parcours, et en envisageant La Voli\u00e8re non plus seulement comme un lieu d\u2019accueil ponctuel, mais comme un v\u00e9ritable <strong>lieu-habitat professionnel<\/strong>, vecteur de stabilisation et de d\u00e9veloppement de carri\u00e8re.<\/p>\n\n\n\n<p>Depuis plusieurs mois, nous accompagnons ainsi la <strong>production et la diffusion<\/strong> de leurs cr\u00e9ations, que vous pourrez d\u00e9couvrir \u00e0 La Voli\u00e8re les <strong>27 et 28 f\u00e9vrier<\/strong>, \u00e0 l\u2019occasion de sorties de r\u00e9sidence faisant suite \u00e0 une semaine de travail :<\/p>\n\n\n\n<p><strong><em>Ces deux cr\u00e9ations seront en tourn\u00e9e dans la r\u00e9gion cet \u00e9t\u00e9. Si votre programmation n\u2019est pas compl\u00e8te, n\u2019h\u00e9sitez pas \u00e0 nous contacter !<\/em><\/strong><\/p>\n<\/div><\/div>\n\n\n\n<p class=\"has-text-align-left\">\ud83d\udcc5 <strong>Dates &amp; horaires<\/strong><br>\u2022 Vendredi 27 f\u00e9vrier \u00e0 10h (r\u00e9serv\u00e9 aux professionnel\u00b7les)<br>\u2022 Samedi 28 f\u00e9vrier \u00e0 19h (r\u00e9serv\u00e9 aux adh\u00e9rent\u00b7es de La Voli\u00e8re)<\/p>\n\n\n\n<p>\ud83c\udfad <strong>Au programme<\/strong><br>\u2022 <em>BROKEN<\/em> \u2014 Marta Matovelle<br>\u2022 <em>E<\/em> \u2014- Marzia Zambianchi<\/p>\n\n\n\n<p class=\"has-text-align-left\"><strong>TARIF&nbsp;<\/strong>: gratuit sur <a href=\"https:\/\/www.billetweb.fr\/sorties-de-residence-broken-e\">r\u00e9servation<\/a><\/p>\n<\/div>\n<\/div>\n\n\n\n<p><\/p>\n\n\n\n<p><em>Les r\u00e9sidences b\u00e9n\u00e9ficient du soutien de Saint-Nazaire et agglom\u00e9ration et de l&rsquo;Etat -DRAC des Pays de la Loire.<\/em><\/p>\n\n\n\n<p><\/p>\n","protected":false},"excerpt":{"rendered":"<p>Depuis un an, La Voli\u00e8re m\u00e8ne une r\u00e9flexion afin de favoriser l\u2019installation durable d\u2019artistes internationaux\u00b7ales sur son territoire. En 2024, Marta Matovelle, artiste espagnole bas\u00e9e en Hongrie, a rejoint La Voli\u00e8re pour une r\u00e9sidence de deux mois dans le cadre du programme Culture Moves Europe. En 2025, c\u2019est l\u2019artiste italienne Marzia Zambianchi qui a poursuivi cette aventure. \u00c0 l\u2019issue de leurs r\u00e9sidences, ces deux artistes ont fait le choix de s\u2019installer durablement sur le territoire. Ces exp\u00e9riences nous am\u00e8nent aujourd\u2019hui \u00e0 repenser nos mani\u00e8res d\u2019accompagner les artistes : sur le long terme, dans le suivi de leurs parcours, et en envisageant La Voli\u00e8re non plus seulement comme un lieu d\u2019accueil ponctuel, mais comme un v\u00e9ritable lieu-habitat professionnel, vecteur de stabilisation et de d\u00e9veloppement de carri\u00e8re. Depuis plusieurs mois, nous accompagnons ainsi la production et la diffusion de leurs cr\u00e9ations, que vous pourrez d\u00e9couvrir \u00e0 La Voli\u00e8re les 27 et 28 f\u00e9vrier, \u00e0 l\u2019occasion de sorties de r\u00e9sidence faisant suite \u00e0 une semaine de travail : Ces deux cr\u00e9ations seront en tourn\u00e9e dans la r\u00e9gion cet \u00e9t\u00e9. Si votre programmation n\u2019est pas compl\u00e8te, n\u2019h\u00e9sitez pas \u00e0 nous contacter ! \ud83d\udcc5 Dates &amp; horaires\u2022 Vendredi 27 f\u00e9vrier \u00e0 10h (r\u00e9serv\u00e9 aux professionnel\u00b7les)\u2022 Samedi 28 f\u00e9vrier \u00e0 19h (r\u00e9serv\u00e9 aux adh\u00e9rent\u00b7es de La Voli\u00e8re) \ud83c\udfad Au programme\u2022 BROKEN \u2014 Marta Matovelle\u2022 E \u2014- Marzia Zambianchi TARIF&nbsp;: gratuit sur r\u00e9servation Les r\u00e9sidences b\u00e9n\u00e9ficient du soutien de Saint-Nazaire et agglom\u00e9ration et de l&rsquo;Etat -DRAC des Pays de la Loire.<\/p>\n","protected":false},"author":1,"featured_media":5708,"comment_status":"closed","ping_status":"closed","sticky":false,"template":"","format":"standard","meta":{"site-sidebar-layout":"default","site-content-layout":"default","ast-global-header-display":"","ast-main-header-display":"","ast-hfb-above-header-display":"","ast-hfb-below-header-display":"","ast-hfb-mobile-header-display":"","site-post-title":"","ast-breadcrumbs-content":"","ast-featured-img":"","footer-sml-layout":"","theme-transparent-header-meta":"","adv-header-id-meta":"","stick-header-meta":"","header-above-stick-meta":"","header-main-stick-meta":"","header-below-stick-meta":"","ngg_post_thumbnail":0,"footnotes":""},"categories":[53],"tags":[57],"class_list":["post-5550","post","type-post","status-publish","format-standard","has-post-thumbnail","hentry","category-evenements-spectacles","tag-articlearchives"],"yoast_head":"<!-- This site is optimized with the Yoast SEO plugin v26.8 - https:\/\/yoast.com\/product\/yoast-seo-wordpress\/ -->\n<title>SPECTACLES \/ Sorties de R\u00e9sidences - La Voli\u00e8re<\/title>\n<meta name=\"description\" content=\"D\u00e9couvrez les actualit\u00e9s de La Voli\u00e8re\" \/>\n<meta name=\"robots\" content=\"index, follow, max-snippet:-1, max-image-preview:large, max-video-preview:-1\" \/>\n<link rel=\"canonical\" href=\"https:\/\/lavolierecirque.com\/index.php\/2026\/02\/03\/spectacles-sorties-de-residences\/\" \/>\n<meta property=\"og:locale\" content=\"fr_FR\" \/>\n<meta property=\"og:type\" content=\"article\" \/>\n<meta property=\"og:title\" content=\"SPECTACLES \/ Sorties de R\u00e9sidences - La Voli\u00e8re\" \/>\n<meta property=\"og:description\" content=\"D\u00e9couvrez les actualit\u00e9s de La Voli\u00e8re\" \/>\n<meta property=\"og:url\" content=\"https:\/\/lavolierecirque.com\/index.php\/2026\/02\/03\/spectacles-sorties-de-residences\/\" \/>\n<meta property=\"og:site_name\" content=\"La Voli\u00e8re\" \/>\n<meta property=\"article:published_time\" content=\"2026-02-03T14:34:57+00:00\" \/>\n<meta property=\"article:modified_time\" content=\"2026-03-05T12:35:36+00:00\" \/>\n<meta property=\"og:image\" content=\"https:\/\/lavolierecirque.com\/wp-content\/uploads\/2026\/02\/VIGNETTES-SITE-RS-23.png\" \/>\n\t<meta property=\"og:image:width\" content=\"1080\" \/>\n\t<meta property=\"og:image:height\" content=\"1080\" \/>\n\t<meta property=\"og:image:type\" content=\"image\/png\" \/>\n<meta name=\"author\" content=\"admin5999\" \/>\n<meta name=\"twitter:card\" content=\"summary_large_image\" \/>\n<meta name=\"twitter:label1\" content=\"\u00c9crit par\" \/>\n\t<meta name=\"twitter:data1\" content=\"admin5999\" \/>\n\t<meta name=\"twitter:label2\" content=\"Dur\u00e9e de lecture estim\u00e9e\" \/>\n\t<meta name=\"twitter:data2\" content=\"2 minutes\" \/>\n<script type=\"application\/ld+json\" class=\"yoast-schema-graph\">{\"@context\":\"https:\/\/schema.org\",\"@graph\":[{\"@type\":\"Article\",\"@id\":\"https:\/\/lavolierecirque.com\/index.php\/2026\/02\/03\/spectacles-sorties-de-residences\/#article\",\"isPartOf\":{\"@id\":\"https:\/\/lavolierecirque.com\/index.php\/2026\/02\/03\/spectacles-sorties-de-residences\/\"},\"author\":{\"name\":\"admin5999\",\"@id\":\"https:\/\/lavolierecirque.com\/#\/schema\/person\/3dfbf06f98e272ebf13b70057fabbc0d\"},\"headline\":\"SPECTACLES \/ Sorties de R\u00e9sidences\",\"datePublished\":\"2026-02-03T14:34:57+00:00\",\"dateModified\":\"2026-03-05T12:35:36+00:00\",\"mainEntityOfPage\":{\"@id\":\"https:\/\/lavolierecirque.com\/index.php\/2026\/02\/03\/spectacles-sorties-de-residences\/\"},\"wordCount\":281,\"image\":{\"@id\":\"https:\/\/lavolierecirque.com\/index.php\/2026\/02\/03\/spectacles-sorties-de-residences\/#primaryimage\"},\"thumbnailUrl\":\"https:\/\/lavolierecirque.com\/wp-content\/uploads\/2026\/02\/VIGNETTES-SITE-RS-23.png\",\"keywords\":[\"article_archives\"],\"articleSection\":[\"\u00c9v\u00e9nements\"],\"inLanguage\":\"fr-FR\"},{\"@type\":\"WebPage\",\"@id\":\"https:\/\/lavolierecirque.com\/index.php\/2026\/02\/03\/spectacles-sorties-de-residences\/\",\"url\":\"https:\/\/lavolierecirque.com\/index.php\/2026\/02\/03\/spectacles-sorties-de-residences\/\",\"name\":\"SPECTACLES \/ Sorties de R\u00e9sidences - La Voli\u00e8re\",\"isPartOf\":{\"@id\":\"https:\/\/lavolierecirque.com\/#website\"},\"primaryImageOfPage\":{\"@id\":\"https:\/\/lavolierecirque.com\/index.php\/2026\/02\/03\/spectacles-sorties-de-residences\/#primaryimage\"},\"image\":{\"@id\":\"https:\/\/lavolierecirque.com\/index.php\/2026\/02\/03\/spectacles-sorties-de-residences\/#primaryimage\"},\"thumbnailUrl\":\"https:\/\/lavolierecirque.com\/wp-content\/uploads\/2026\/02\/VIGNETTES-SITE-RS-23.png\",\"datePublished\":\"2026-02-03T14:34:57+00:00\",\"dateModified\":\"2026-03-05T12:35:36+00:00\",\"author\":{\"@id\":\"https:\/\/lavolierecirque.com\/#\/schema\/person\/3dfbf06f98e272ebf13b70057fabbc0d\"},\"description\":\"D\u00e9couvrez les actualit\u00e9s de La Voli\u00e8re\",\"breadcrumb\":{\"@id\":\"https:\/\/lavolierecirque.com\/index.php\/2026\/02\/03\/spectacles-sorties-de-residences\/#breadcrumb\"},\"inLanguage\":\"fr-FR\",\"potentialAction\":[{\"@type\":\"ReadAction\",\"target\":[\"https:\/\/lavolierecirque.com\/index.php\/2026\/02\/03\/spectacles-sorties-de-residences\/\"]}]},{\"@type\":\"ImageObject\",\"inLanguage\":\"fr-FR\",\"@id\":\"https:\/\/lavolierecirque.com\/index.php\/2026\/02\/03\/spectacles-sorties-de-residences\/#primaryimage\",\"url\":\"https:\/\/lavolierecirque.com\/wp-content\/uploads\/2026\/02\/VIGNETTES-SITE-RS-23.png\",\"contentUrl\":\"https:\/\/lavolierecirque.com\/wp-content\/uploads\/2026\/02\/VIGNETTES-SITE-RS-23.png\",\"width\":1080,\"height\":1080},{\"@type\":\"BreadcrumbList\",\"@id\":\"https:\/\/lavolierecirque.com\/index.php\/2026\/02\/03\/spectacles-sorties-de-residences\/#breadcrumb\",\"itemListElement\":[{\"@type\":\"ListItem\",\"position\":1,\"name\":\"Accueil\",\"item\":\"https:\/\/lavolierecirque.com\/\"},{\"@type\":\"ListItem\",\"position\":2,\"name\":\"SPECTACLES \/ Sorties de R\u00e9sidences\"}]},{\"@type\":\"WebSite\",\"@id\":\"https:\/\/lavolierecirque.com\/#website\",\"url\":\"https:\/\/lavolierecirque.com\/\",\"name\":\"La Voli\u00e8re\",\"description\":\"Lieu d\u00e9di\u00e9 au nouveau cirque &amp; \u00e0 la danse a\u00e9rienne\",\"potentialAction\":[{\"@type\":\"SearchAction\",\"target\":{\"@type\":\"EntryPoint\",\"urlTemplate\":\"https:\/\/lavolierecirque.com\/?s={search_term_string}\"},\"query-input\":{\"@type\":\"PropertyValueSpecification\",\"valueRequired\":true,\"valueName\":\"search_term_string\"}}],\"inLanguage\":\"fr-FR\"},{\"@type\":\"Person\",\"@id\":\"https:\/\/lavolierecirque.com\/#\/schema\/person\/3dfbf06f98e272ebf13b70057fabbc0d\",\"name\":\"admin5999\",\"image\":{\"@type\":\"ImageObject\",\"inLanguage\":\"fr-FR\",\"@id\":\"https:\/\/lavolierecirque.com\/#\/schema\/person\/image\/\",\"url\":\"https:\/\/secure.gravatar.com\/avatar\/fad7dc9c5cde7157abf9bb29befecd0e?s=96&d=mm&r=g\",\"contentUrl\":\"https:\/\/secure.gravatar.com\/avatar\/fad7dc9c5cde7157abf9bb29befecd0e?s=96&d=mm&r=g\",\"caption\":\"admin5999\"},\"sameAs\":[\"http:\/\/lavolierecirque.com\"],\"url\":\"https:\/\/lavolierecirque.com\/index.php\/author\/admin5999\/\"}]}<\/script>\n<!-- \/ Yoast SEO plugin. -->","yoast_head_json":{"title":"SPECTACLES \/ Sorties de R\u00e9sidences - La Voli\u00e8re","description":"D\u00e9couvrez les actualit\u00e9s de La Voli\u00e8re","robots":{"index":"index","follow":"follow","max-snippet":"max-snippet:-1","max-image-preview":"max-image-preview:large","max-video-preview":"max-video-preview:-1"},"canonical":"https:\/\/lavolierecirque.com\/index.php\/2026\/02\/03\/spectacles-sorties-de-residences\/","og_locale":"fr_FR","og_type":"article","og_title":"SPECTACLES \/ Sorties de R\u00e9sidences - La Voli\u00e8re","og_description":"D\u00e9couvrez les actualit\u00e9s de La Voli\u00e8re","og_url":"https:\/\/lavolierecirque.com\/index.php\/2026\/02\/03\/spectacles-sorties-de-residences\/","og_site_name":"La Voli\u00e8re","article_published_time":"2026-02-03T14:34:57+00:00","article_modified_time":"2026-03-05T12:35:36+00:00","og_image":[{"width":1080,"height":1080,"url":"https:\/\/lavolierecirque.com\/wp-content\/uploads\/2026\/02\/VIGNETTES-SITE-RS-23.png","type":"image\/png"}],"author":"admin5999","twitter_card":"summary_large_image","twitter_misc":{"\u00c9crit par":"admin5999","Dur\u00e9e de lecture estim\u00e9e":"2 minutes"},"schema":{"@context":"https:\/\/schema.org","@graph":[{"@type":"Article","@id":"https:\/\/lavolierecirque.com\/index.php\/2026\/02\/03\/spectacles-sorties-de-residences\/#article","isPartOf":{"@id":"https:\/\/lavolierecirque.com\/index.php\/2026\/02\/03\/spectacles-sorties-de-residences\/"},"author":{"name":"admin5999","@id":"https:\/\/lavolierecirque.com\/#\/schema\/person\/3dfbf06f98e272ebf13b70057fabbc0d"},"headline":"SPECTACLES \/ Sorties de R\u00e9sidences","datePublished":"2026-02-03T14:34:57+00:00","dateModified":"2026-03-05T12:35:36+00:00","mainEntityOfPage":{"@id":"https:\/\/lavolierecirque.com\/index.php\/2026\/02\/03\/spectacles-sorties-de-residences\/"},"wordCount":281,"image":{"@id":"https:\/\/lavolierecirque.com\/index.php\/2026\/02\/03\/spectacles-sorties-de-residences\/#primaryimage"},"thumbnailUrl":"https:\/\/lavolierecirque.com\/wp-content\/uploads\/2026\/02\/VIGNETTES-SITE-RS-23.png","keywords":["article_archives"],"articleSection":["\u00c9v\u00e9nements"],"inLanguage":"fr-FR"},{"@type":"WebPage","@id":"https:\/\/lavolierecirque.com\/index.php\/2026\/02\/03\/spectacles-sorties-de-residences\/","url":"https:\/\/lavolierecirque.com\/index.php\/2026\/02\/03\/spectacles-sorties-de-residences\/","name":"SPECTACLES \/ Sorties de R\u00e9sidences - La Voli\u00e8re","isPartOf":{"@id":"https:\/\/lavolierecirque.com\/#website"},"primaryImageOfPage":{"@id":"https:\/\/lavolierecirque.com\/index.php\/2026\/02\/03\/spectacles-sorties-de-residences\/#primaryimage"},"image":{"@id":"https:\/\/lavolierecirque.com\/index.php\/2026\/02\/03\/spectacles-sorties-de-residences\/#primaryimage"},"thumbnailUrl":"https:\/\/lavolierecirque.com\/wp-content\/uploads\/2026\/02\/VIGNETTES-SITE-RS-23.png","datePublished":"2026-02-03T14:34:57+00:00","dateModified":"2026-03-05T12:35:36+00:00","author":{"@id":"https:\/\/lavolierecirque.com\/#\/schema\/person\/3dfbf06f98e272ebf13b70057fabbc0d"},"description":"D\u00e9couvrez les actualit\u00e9s de La Voli\u00e8re","breadcrumb":{"@id":"https:\/\/lavolierecirque.com\/index.php\/2026\/02\/03\/spectacles-sorties-de-residences\/#breadcrumb"},"inLanguage":"fr-FR","potentialAction":[{"@type":"ReadAction","target":["https:\/\/lavolierecirque.com\/index.php\/2026\/02\/03\/spectacles-sorties-de-residences\/"]}]},{"@type":"ImageObject","inLanguage":"fr-FR","@id":"https:\/\/lavolierecirque.com\/index.php\/2026\/02\/03\/spectacles-sorties-de-residences\/#primaryimage","url":"https:\/\/lavolierecirque.com\/wp-content\/uploads\/2026\/02\/VIGNETTES-SITE-RS-23.png","contentUrl":"https:\/\/lavolierecirque.com\/wp-content\/uploads\/2026\/02\/VIGNETTES-SITE-RS-23.png","width":1080,"height":1080},{"@type":"BreadcrumbList","@id":"https:\/\/lavolierecirque.com\/index.php\/2026\/02\/03\/spectacles-sorties-de-residences\/#breadcrumb","itemListElement":[{"@type":"ListItem","position":1,"name":"Accueil","item":"https:\/\/lavolierecirque.com\/"},{"@type":"ListItem","position":2,"name":"SPECTACLES \/ Sorties de R\u00e9sidences"}]},{"@type":"WebSite","@id":"https:\/\/lavolierecirque.com\/#website","url":"https:\/\/lavolierecirque.com\/","name":"La Voli\u00e8re","description":"Lieu d\u00e9di\u00e9 au nouveau cirque &amp; \u00e0 la danse a\u00e9rienne","potentialAction":[{"@type":"SearchAction","target":{"@type":"EntryPoint","urlTemplate":"https:\/\/lavolierecirque.com\/?s={search_term_string}"},"query-input":{"@type":"PropertyValueSpecification","valueRequired":true,"valueName":"search_term_string"}}],"inLanguage":"fr-FR"},{"@type":"Person","@id":"https:\/\/lavolierecirque.com\/#\/schema\/person\/3dfbf06f98e272ebf13b70057fabbc0d","name":"admin5999","image":{"@type":"ImageObject","inLanguage":"fr-FR","@id":"https:\/\/lavolierecirque.com\/#\/schema\/person\/image\/","url":"https:\/\/secure.gravatar.com\/avatar\/fad7dc9c5cde7157abf9bb29befecd0e?s=96&d=mm&r=g","contentUrl":"https:\/\/secure.gravatar.com\/avatar\/fad7dc9c5cde7157abf9bb29befecd0e?s=96&d=mm&r=g","caption":"admin5999"},"sameAs":["http:\/\/lavolierecirque.com"],"url":"https:\/\/lavolierecirque.com\/index.php\/author\/admin5999\/"}]}},"jetpack_featured_media_url":"https:\/\/lavolierecirque.com\/wp-content\/uploads\/2026\/02\/VIGNETTES-SITE-RS-23.png","rttpg_featured_image_url":{"full":["https:\/\/lavolierecirque.com\/wp-content\/uploads\/2026\/02\/VIGNETTES-SITE-RS-23.png",1080,1080,false],"landscape":["https:\/\/lavolierecirque.com\/wp-content\/uploads\/2026\/02\/VIGNETTES-SITE-RS-23.png",1080,1080,false],"portraits":["https:\/\/lavolierecirque.com\/wp-content\/uploads\/2026\/02\/VIGNETTES-SITE-RS-23.png",1080,1080,false],"thumbnail":["https:\/\/lavolierecirque.com\/wp-content\/uploads\/2026\/02\/VIGNETTES-SITE-RS-23-150x150.png",150,150,true],"medium":["https:\/\/lavolierecirque.com\/wp-content\/uploads\/2026\/02\/VIGNETTES-SITE-RS-23-300x300.png",300,300,true],"large":["https:\/\/lavolierecirque.com\/wp-content\/uploads\/2026\/02\/VIGNETTES-SITE-RS-23.png",1080,1080,false],"1536x1536":["https:\/\/lavolierecirque.com\/wp-content\/uploads\/2026\/02\/VIGNETTES-SITE-RS-23.png",1080,1080,false],"2048x2048":["https:\/\/lavolierecirque.com\/wp-content\/uploads\/2026\/02\/VIGNETTES-SITE-RS-23.png",1080,1080,false]},"rttpg_author":{"display_name":"admin5999","author_link":"https:\/\/lavolierecirque.com\/index.php\/author\/admin5999\/"},"rttpg_comment":0,"rttpg_category":"<a href=\"https:\/\/lavolierecirque.com\/index.php\/category\/evenements-spectacles\/\" rel=\"category tag\">\u00c9v\u00e9nements<\/a>","rttpg_excerpt":"Depuis un an, La Voli\u00e8re m\u00e8ne une r\u00e9flexion afin de favoriser l\u2019installation durable d\u2019artistes internationaux\u00b7ales sur son territoire. En 2024, Marta Matovelle, artiste espagnole bas\u00e9e en Hongrie, a rejoint La Voli\u00e8re pour une r\u00e9sidence de deux mois dans le cadre du programme Culture Moves Europe. En 2025, c\u2019est l\u2019artiste italienne Marzia Zambianchi qui a poursuivi\u2026","_links":{"self":[{"href":"https:\/\/lavolierecirque.com\/index.php\/wp-json\/wp\/v2\/posts\/5550","targetHints":{"allow":["GET"]}}],"collection":[{"href":"https:\/\/lavolierecirque.com\/index.php\/wp-json\/wp\/v2\/posts"}],"about":[{"href":"https:\/\/lavolierecirque.com\/index.php\/wp-json\/wp\/v2\/types\/post"}],"author":[{"embeddable":true,"href":"https:\/\/lavolierecirque.com\/index.php\/wp-json\/wp\/v2\/users\/1"}],"replies":[{"embeddable":true,"href":"https:\/\/lavolierecirque.com\/index.php\/wp-json\/wp\/v2\/comments?post=5550"}],"version-history":[{"count":9,"href":"https:\/\/lavolierecirque.com\/index.php\/wp-json\/wp\/v2\/posts\/5550\/revisions"}],"predecessor-version":[{"id":5709,"href":"https:\/\/lavolierecirque.com\/index.php\/wp-json\/wp\/v2\/posts\/5550\/revisions\/5709"}],"wp:featuredmedia":[{"embeddable":true,"href":"https:\/\/lavolierecirque.com\/index.php\/wp-json\/wp\/v2\/media\/5708"}],"wp:attachment":[{"href":"https:\/\/lavolierecirque.com\/index.php\/wp-json\/wp\/v2\/media?parent=5550"}],"wp:term":[{"taxonomy":"category","embeddable":true,"href":"https:\/\/lavolierecirque.com\/index.php\/wp-json\/wp\/v2\/categories?post=5550"},{"taxonomy":"post_tag","embeddable":true,"href":"https:\/\/lavolierecirque.com\/index.php\/wp-json\/wp\/v2\/tags?post=5550"}],"curies":[{"name":"wp","href":"https:\/\/api.w.org\/{rel}","templated":true}]}}