{"id":5531,"date":"2025-12-19T11:26:59","date_gmt":"2025-12-19T10:26:59","guid":{"rendered":"https:\/\/lavolierecirque.com\/?p=5531"},"modified":"2026-01-15T13:07:33","modified_gmt":"2026-01-15T12:07:33","slug":"appel-a-candidatures-residences-2026-cirque-aerien-danse-aerienne","status":"publish","type":"post","link":"https:\/\/lavolierecirque.com\/index.php\/2025\/12\/19\/appel-a-candidatures-residences-2026-cirque-aerien-danse-aerienne\/","title":{"rendered":"APPEL A CANDIDATURES \/ R\u00e9sidences 2026 &#8211; Cirque A\u00e9rien\/Danse A\u00e9rienne"},"content":{"rendered":"\n<div class=\"wp-block-media-text is-stacked-on-mobile is-vertically-aligned-top\"><figure class=\"wp-block-media-text__media\"><img fetchpriority=\"high\" decoding=\"async\" width=\"1080\" height=\"1080\" src=\"https:\/\/lavolierecirque.com\/wp-content\/uploads\/2025\/12\/vignette_aac_residences-2026-1.png\" alt=\"\" class=\"wp-image-5538 size-full\" srcset=\"https:\/\/lavolierecirque.com\/wp-content\/uploads\/2025\/12\/vignette_aac_residences-2026-1.png 1080w, https:\/\/lavolierecirque.com\/wp-content\/uploads\/2025\/12\/vignette_aac_residences-2026-1-300x300.png 300w, https:\/\/lavolierecirque.com\/wp-content\/uploads\/2025\/12\/vignette_aac_residences-2026-1-150x150.png 150w, https:\/\/lavolierecirque.com\/wp-content\/uploads\/2025\/12\/vignette_aac_residences-2026-1-768x768.png 768w\" sizes=\"(max-width: 1080px) 100vw, 1080px\" \/><\/figure><div class=\"wp-block-media-text__content\">\n<p><strong>\u2b55 Appel \u00e0 candidatures r\u00e9sidence &amp; premi\u00e8re diffusion 2026 \u2b55<\/strong><\/p>\n\n\n\n<p>La Voli\u00e8re est heureuse de lancer son 4<sup>\u00e8me<\/sup> appel \u00e0 candidatures pour soutenir les artistes \u00e9mergent\u00b7es du cirque a\u00e9rien et de la danse a\u00e9rienne, en favorisant cette ann\u00e9e des formes artistiques destin\u00e9es \u00e0 l\u2019espace public.<\/p>\n\n\n\n<p>Le projet retenu sera un projet artistique en fin de cr\u00e9ation, <strong>pr\u00eat pour une premi\u00e8re diffusion<\/strong>, afin de l\u2019accompagner \u00e0 travers :<br>\u2022 Une <strong>r\u00e9sidence <\/strong>dans les espaces de La Voli\u00e8re<br>\u2022 Une <strong>contribution financi\u00e8re<\/strong><br>\u2022 Un <strong>accompagnement<\/strong> technique et artistique<br>\u2022 Une <strong>premi\u00e8re diffusion<\/strong>, sous r\u00e9serve de validation par le comit\u00e9 de s\u00e9lection de l\u2019\u00e9v\u00e9nement Saint-Nazaire C\u00f4t\u00e9 Plages, la cr\u00e9ation pourra \u00eatre pr\u00e9sent\u00e9e en premi\u00e8re repr\u00e9sentation en espace public le 3 juillet 2026, lors de l\u2019ouverture de l\u2019\u00e9v\u00e9nement.<\/p>\n\n\n\n<p>L\u2019espace de r\u00e9sidence est <strong>disponible du 22 juin au 3 juillet 2026<\/strong> pour des r\u00e9sidences d\u2019une ou deux semaines.<\/p>\n\n\n\n<p><strong>\ud83d\udcc5 Date limite de candidature : 06\/01\/2026<br><\/strong><\/p>\n\n\n\n<div class=\"wp-block-buttons is-layout-flex wp-block-buttons-is-layout-flex\">\n<div class=\"wp-block-button\"><a class=\"wp-block-button__link wp-element-button\" href=\"https:\/\/lavoliere-my.sharepoint.com\/:b:\/g\/personal\/cecile_lavoliere_onmicrosoft_com\/IQDqtPbtuvIgT4qn1hm3O42JAXs20epYK4vhX8gDY1cZMGA?e=heWLcC\" target=\"_blank\" rel=\"noreferrer noopener\">DETAIL DE L&rsquo;APPEL \/ CALL DETAILS<\/a><\/div>\n\n\n\n<div class=\"wp-block-button\"><a class=\"wp-block-button__link wp-element-button\" href=\"https:\/\/forms.gle\/jFRTPQyvk389gxeKA\" target=\"_blank\" rel=\"noreferrer noopener\">DEPOT CANDIDATURES \/ APPLICATIONS SUBMISSION<\/a><\/div>\n<\/div>\n\n\n\n<div style=\"height:46px\" aria-hidden=\"true\" class=\"wp-block-spacer\"><\/div>\n\n\n\n<p><em>Avec le soutien de \/ With the support of:<\/em><br><em>La Ville de Saint-Nazaire et de CARENE Agglom\u00e9ration, L\u2019Etat &#8211; DRAC Pays de la Loire \u00e0 travers le dispositif d\u2019Atelier de Fabrique Artistique<\/em><\/p>\n<\/div><\/div>\n","protected":false},"excerpt":{"rendered":"","protected":false},"author":1,"featured_media":5538,"comment_status":"closed","ping_status":"closed","sticky":false,"template":"","format":"standard","meta":{"site-sidebar-layout":"default","site-content-layout":"default","ast-global-header-display":"","ast-main-header-display":"","ast-hfb-above-header-display":"","ast-hfb-below-header-display":"","ast-hfb-mobile-header-display":"","site-post-title":"","ast-breadcrumbs-content":"","ast-featured-img":"","footer-sml-layout":"","theme-transparent-header-meta":"","adv-header-id-meta":"","stick-header-meta":"","header-above-stick-meta":"","header-main-stick-meta":"","header-below-stick-meta":"","ngg_post_thumbnail":0,"footnotes":""},"categories":[44],"tags":[57],"class_list":["post-5531","post","type-post","status-publish","format-standard","has-post-thumbnail","hentry","category-residence","tag-articlearchives"],"yoast_head":"<!-- This site is optimized with the Yoast SEO plugin v26.8 - https:\/\/yoast.com\/product\/yoast-seo-wordpress\/ -->\n<title>APPEL A CANDIDATURES \/ R\u00e9sidences 2026 - Cirque A\u00e9rien\/Danse A\u00e9rienne - La Voli\u00e8re<\/title>\n<meta name=\"description\" content=\"Les cocons a\u00e9riens sont une discipline originale et novatrice qui se pratique dans des cocons ou hamac suspendus.Les cours sont dispens\u00e9s par Fred Deb\u2019 qui s\u2019attache \u00e0 d\u00e9velopper une approche holistique. Une pratique r\u00e9guli\u00e8re des cocons permet d\u2019am\u00e9liorer le bien-\u00eatre physique et psychique des personnes. Fred Deb\u2019 est form\u00e9 au Yoga A\u00e9rien VAYU, m\u00e9thode d\u00e9velopp\u00e9e par Ana Prada.Les cours ont lieu les lundis et mardis sur l\u2019heure du d\u00e9jeuner et s\u2019adressent principalement \u00e0 un public d\u2019adultes et de seniors.\" \/>\n<meta name=\"robots\" content=\"index, follow, max-snippet:-1, max-image-preview:large, max-video-preview:-1\" \/>\n<link rel=\"canonical\" href=\"https:\/\/lavolierecirque.com\/index.php\/2025\/12\/19\/appel-a-candidatures-residences-2026-cirque-aerien-danse-aerienne\/\" \/>\n<meta property=\"og:locale\" content=\"fr_FR\" \/>\n<meta property=\"og:type\" content=\"article\" \/>\n<meta property=\"og:title\" content=\"APPEL A CANDIDATURES \/ R\u00e9sidences 2026 - Cirque A\u00e9rien\/Danse A\u00e9rienne - La Voli\u00e8re\" \/>\n<meta property=\"og:description\" content=\"Les cocons a\u00e9riens sont une discipline originale et novatrice qui se pratique dans des cocons ou hamac suspendus.Les cours sont dispens\u00e9s par Fred Deb\u2019 qui s\u2019attache \u00e0 d\u00e9velopper une approche holistique. Une pratique r\u00e9guli\u00e8re des cocons permet d\u2019am\u00e9liorer le bien-\u00eatre physique et psychique des personnes. Fred Deb\u2019 est form\u00e9 au Yoga A\u00e9rien VAYU, m\u00e9thode d\u00e9velopp\u00e9e par Ana Prada.Les cours ont lieu les lundis et mardis sur l\u2019heure du d\u00e9jeuner et s\u2019adressent principalement \u00e0 un public d\u2019adultes et de seniors.\" \/>\n<meta property=\"og:url\" content=\"https:\/\/lavolierecirque.com\/index.php\/2025\/12\/19\/appel-a-candidatures-residences-2026-cirque-aerien-danse-aerienne\/\" \/>\n<meta property=\"og:site_name\" content=\"La Voli\u00e8re\" \/>\n<meta property=\"article:published_time\" content=\"2025-12-19T10:26:59+00:00\" \/>\n<meta property=\"article:modified_time\" content=\"2026-01-15T12:07:33+00:00\" \/>\n<meta property=\"og:image\" content=\"https:\/\/lavolierecirque.com\/wp-content\/uploads\/2025\/12\/vignette_aac_residences-2026-1.png\" \/>\n\t<meta property=\"og:image:width\" content=\"1080\" \/>\n\t<meta property=\"og:image:height\" content=\"1080\" \/>\n\t<meta property=\"og:image:type\" content=\"image\/png\" \/>\n<meta name=\"author\" content=\"admin5999\" \/>\n<meta name=\"twitter:card\" content=\"summary_large_image\" \/>\n<meta name=\"twitter:label1\" content=\"\u00c9crit par\" \/>\n\t<meta name=\"twitter:data1\" content=\"admin5999\" \/>\n\t<meta name=\"twitter:label2\" content=\"Dur\u00e9e de lecture estim\u00e9e\" \/>\n\t<meta name=\"twitter:data2\" content=\"2 minutes\" \/>\n<script type=\"application\/ld+json\" class=\"yoast-schema-graph\">{\"@context\":\"https:\/\/schema.org\",\"@graph\":[{\"@type\":\"Article\",\"@id\":\"https:\/\/lavolierecirque.com\/index.php\/2025\/12\/19\/appel-a-candidatures-residences-2026-cirque-aerien-danse-aerienne\/#article\",\"isPartOf\":{\"@id\":\"https:\/\/lavolierecirque.com\/index.php\/2025\/12\/19\/appel-a-candidatures-residences-2026-cirque-aerien-danse-aerienne\/\"},\"author\":{\"name\":\"admin5999\",\"@id\":\"https:\/\/lavolierecirque.com\/#\/schema\/person\/3dfbf06f98e272ebf13b70057fabbc0d\"},\"headline\":\"APPEL A CANDIDATURES \/ R\u00e9sidences 2026 &#8211; Cirque A\u00e9rien\/Danse A\u00e9rienne\",\"datePublished\":\"2025-12-19T10:26:59+00:00\",\"dateModified\":\"2026-01-15T12:07:33+00:00\",\"mainEntityOfPage\":{\"@id\":\"https:\/\/lavolierecirque.com\/index.php\/2025\/12\/19\/appel-a-candidatures-residences-2026-cirque-aerien-danse-aerienne\/\"},\"wordCount\":219,\"image\":{\"@id\":\"https:\/\/lavolierecirque.com\/index.php\/2025\/12\/19\/appel-a-candidatures-residences-2026-cirque-aerien-danse-aerienne\/#primaryimage\"},\"thumbnailUrl\":\"https:\/\/lavolierecirque.com\/wp-content\/uploads\/2025\/12\/vignette_aac_residences-2026-1.png\",\"keywords\":[\"article_archives\"],\"articleSection\":[\"R\u00e9sidences\"],\"inLanguage\":\"fr-FR\"},{\"@type\":\"WebPage\",\"@id\":\"https:\/\/lavolierecirque.com\/index.php\/2025\/12\/19\/appel-a-candidatures-residences-2026-cirque-aerien-danse-aerienne\/\",\"url\":\"https:\/\/lavolierecirque.com\/index.php\/2025\/12\/19\/appel-a-candidatures-residences-2026-cirque-aerien-danse-aerienne\/\",\"name\":\"APPEL A CANDIDATURES \/ R\u00e9sidences 2026 - Cirque A\u00e9rien\/Danse A\u00e9rienne - La Voli\u00e8re\",\"isPartOf\":{\"@id\":\"https:\/\/lavolierecirque.com\/#website\"},\"primaryImageOfPage\":{\"@id\":\"https:\/\/lavolierecirque.com\/index.php\/2025\/12\/19\/appel-a-candidatures-residences-2026-cirque-aerien-danse-aerienne\/#primaryimage\"},\"image\":{\"@id\":\"https:\/\/lavolierecirque.com\/index.php\/2025\/12\/19\/appel-a-candidatures-residences-2026-cirque-aerien-danse-aerienne\/#primaryimage\"},\"thumbnailUrl\":\"https:\/\/lavolierecirque.com\/wp-content\/uploads\/2025\/12\/vignette_aac_residences-2026-1.png\",\"datePublished\":\"2025-12-19T10:26:59+00:00\",\"dateModified\":\"2026-01-15T12:07:33+00:00\",\"author\":{\"@id\":\"https:\/\/lavolierecirque.com\/#\/schema\/person\/3dfbf06f98e272ebf13b70057fabbc0d\"},\"description\":\"Les cocons a\u00e9riens sont une discipline originale et novatrice qui se pratique dans des cocons ou hamac suspendus.Les cours sont dispens\u00e9s par Fred Deb\u2019 qui s\u2019attache \u00e0 d\u00e9velopper une approche holistique. Une pratique r\u00e9guli\u00e8re des cocons permet d\u2019am\u00e9liorer le bien-\u00eatre physique et psychique des personnes. Fred Deb\u2019 est form\u00e9 au Yoga A\u00e9rien VAYU, m\u00e9thode d\u00e9velopp\u00e9e par Ana Prada.Les cours ont lieu les lundis et mardis sur l\u2019heure du d\u00e9jeuner et s\u2019adressent principalement \u00e0 un public d\u2019adultes et de seniors.\",\"breadcrumb\":{\"@id\":\"https:\/\/lavolierecirque.com\/index.php\/2025\/12\/19\/appel-a-candidatures-residences-2026-cirque-aerien-danse-aerienne\/#breadcrumb\"},\"inLanguage\":\"fr-FR\",\"potentialAction\":[{\"@type\":\"ReadAction\",\"target\":[\"https:\/\/lavolierecirque.com\/index.php\/2025\/12\/19\/appel-a-candidatures-residences-2026-cirque-aerien-danse-aerienne\/\"]}]},{\"@type\":\"ImageObject\",\"inLanguage\":\"fr-FR\",\"@id\":\"https:\/\/lavolierecirque.com\/index.php\/2025\/12\/19\/appel-a-candidatures-residences-2026-cirque-aerien-danse-aerienne\/#primaryimage\",\"url\":\"https:\/\/lavolierecirque.com\/wp-content\/uploads\/2025\/12\/vignette_aac_residences-2026-1.png\",\"contentUrl\":\"https:\/\/lavolierecirque.com\/wp-content\/uploads\/2025\/12\/vignette_aac_residences-2026-1.png\",\"width\":1080,\"height\":1080},{\"@type\":\"BreadcrumbList\",\"@id\":\"https:\/\/lavolierecirque.com\/index.php\/2025\/12\/19\/appel-a-candidatures-residences-2026-cirque-aerien-danse-aerienne\/#breadcrumb\",\"itemListElement\":[{\"@type\":\"ListItem\",\"position\":1,\"name\":\"Accueil\",\"item\":\"https:\/\/lavolierecirque.com\/\"},{\"@type\":\"ListItem\",\"position\":2,\"name\":\"APPEL A CANDIDATURES \/ R\u00e9sidences 2026 &#8211; Cirque A\u00e9rien\/Danse A\u00e9rienne\"}]},{\"@type\":\"WebSite\",\"@id\":\"https:\/\/lavolierecirque.com\/#website\",\"url\":\"https:\/\/lavolierecirque.com\/\",\"name\":\"La Voli\u00e8re\",\"description\":\"Lieu d\u00e9di\u00e9 au nouveau cirque &amp; \u00e0 la danse a\u00e9rienne\",\"potentialAction\":[{\"@type\":\"SearchAction\",\"target\":{\"@type\":\"EntryPoint\",\"urlTemplate\":\"https:\/\/lavolierecirque.com\/?s={search_term_string}\"},\"query-input\":{\"@type\":\"PropertyValueSpecification\",\"valueRequired\":true,\"valueName\":\"search_term_string\"}}],\"inLanguage\":\"fr-FR\"},{\"@type\":\"Person\",\"@id\":\"https:\/\/lavolierecirque.com\/#\/schema\/person\/3dfbf06f98e272ebf13b70057fabbc0d\",\"name\":\"admin5999\",\"image\":{\"@type\":\"ImageObject\",\"inLanguage\":\"fr-FR\",\"@id\":\"https:\/\/lavolierecirque.com\/#\/schema\/person\/image\/\",\"url\":\"https:\/\/secure.gravatar.com\/avatar\/fad7dc9c5cde7157abf9bb29befecd0e?s=96&d=mm&r=g\",\"contentUrl\":\"https:\/\/secure.gravatar.com\/avatar\/fad7dc9c5cde7157abf9bb29befecd0e?s=96&d=mm&r=g\",\"caption\":\"admin5999\"},\"sameAs\":[\"http:\/\/lavolierecirque.com\"],\"url\":\"https:\/\/lavolierecirque.com\/index.php\/author\/admin5999\/\"}]}<\/script>\n<!-- \/ Yoast SEO plugin. -->","yoast_head_json":{"title":"APPEL A CANDIDATURES \/ R\u00e9sidences 2026 - Cirque A\u00e9rien\/Danse A\u00e9rienne - La Voli\u00e8re","description":"Les cocons a\u00e9riens sont une discipline originale et novatrice qui se pratique dans des cocons ou hamac suspendus.Les cours sont dispens\u00e9s par Fred Deb\u2019 qui s\u2019attache \u00e0 d\u00e9velopper une approche holistique. Une pratique r\u00e9guli\u00e8re des cocons permet d\u2019am\u00e9liorer le bien-\u00eatre physique et psychique des personnes. Fred Deb\u2019 est form\u00e9 au Yoga A\u00e9rien VAYU, m\u00e9thode d\u00e9velopp\u00e9e par Ana Prada.Les cours ont lieu les lundis et mardis sur l\u2019heure du d\u00e9jeuner et s\u2019adressent principalement \u00e0 un public d\u2019adultes et de seniors.","robots":{"index":"index","follow":"follow","max-snippet":"max-snippet:-1","max-image-preview":"max-image-preview:large","max-video-preview":"max-video-preview:-1"},"canonical":"https:\/\/lavolierecirque.com\/index.php\/2025\/12\/19\/appel-a-candidatures-residences-2026-cirque-aerien-danse-aerienne\/","og_locale":"fr_FR","og_type":"article","og_title":"APPEL A CANDIDATURES \/ R\u00e9sidences 2026 - Cirque A\u00e9rien\/Danse A\u00e9rienne - La Voli\u00e8re","og_description":"Les cocons a\u00e9riens sont une discipline originale et novatrice qui se pratique dans des cocons ou hamac suspendus.Les cours sont dispens\u00e9s par Fred Deb\u2019 qui s\u2019attache \u00e0 d\u00e9velopper une approche holistique. Une pratique r\u00e9guli\u00e8re des cocons permet d\u2019am\u00e9liorer le bien-\u00eatre physique et psychique des personnes. Fred Deb\u2019 est form\u00e9 au Yoga A\u00e9rien VAYU, m\u00e9thode d\u00e9velopp\u00e9e par Ana Prada.Les cours ont lieu les lundis et mardis sur l\u2019heure du d\u00e9jeuner et s\u2019adressent principalement \u00e0 un public d\u2019adultes et de seniors.","og_url":"https:\/\/lavolierecirque.com\/index.php\/2025\/12\/19\/appel-a-candidatures-residences-2026-cirque-aerien-danse-aerienne\/","og_site_name":"La Voli\u00e8re","article_published_time":"2025-12-19T10:26:59+00:00","article_modified_time":"2026-01-15T12:07:33+00:00","og_image":[{"width":1080,"height":1080,"url":"https:\/\/lavolierecirque.com\/wp-content\/uploads\/2025\/12\/vignette_aac_residences-2026-1.png","type":"image\/png"}],"author":"admin5999","twitter_card":"summary_large_image","twitter_misc":{"\u00c9crit par":"admin5999","Dur\u00e9e de lecture estim\u00e9e":"2 minutes"},"schema":{"@context":"https:\/\/schema.org","@graph":[{"@type":"Article","@id":"https:\/\/lavolierecirque.com\/index.php\/2025\/12\/19\/appel-a-candidatures-residences-2026-cirque-aerien-danse-aerienne\/#article","isPartOf":{"@id":"https:\/\/lavolierecirque.com\/index.php\/2025\/12\/19\/appel-a-candidatures-residences-2026-cirque-aerien-danse-aerienne\/"},"author":{"name":"admin5999","@id":"https:\/\/lavolierecirque.com\/#\/schema\/person\/3dfbf06f98e272ebf13b70057fabbc0d"},"headline":"APPEL A CANDIDATURES \/ R\u00e9sidences 2026 &#8211; Cirque A\u00e9rien\/Danse A\u00e9rienne","datePublished":"2025-12-19T10:26:59+00:00","dateModified":"2026-01-15T12:07:33+00:00","mainEntityOfPage":{"@id":"https:\/\/lavolierecirque.com\/index.php\/2025\/12\/19\/appel-a-candidatures-residences-2026-cirque-aerien-danse-aerienne\/"},"wordCount":219,"image":{"@id":"https:\/\/lavolierecirque.com\/index.php\/2025\/12\/19\/appel-a-candidatures-residences-2026-cirque-aerien-danse-aerienne\/#primaryimage"},"thumbnailUrl":"https:\/\/lavolierecirque.com\/wp-content\/uploads\/2025\/12\/vignette_aac_residences-2026-1.png","keywords":["article_archives"],"articleSection":["R\u00e9sidences"],"inLanguage":"fr-FR"},{"@type":"WebPage","@id":"https:\/\/lavolierecirque.com\/index.php\/2025\/12\/19\/appel-a-candidatures-residences-2026-cirque-aerien-danse-aerienne\/","url":"https:\/\/lavolierecirque.com\/index.php\/2025\/12\/19\/appel-a-candidatures-residences-2026-cirque-aerien-danse-aerienne\/","name":"APPEL A CANDIDATURES \/ R\u00e9sidences 2026 - Cirque A\u00e9rien\/Danse A\u00e9rienne - La Voli\u00e8re","isPartOf":{"@id":"https:\/\/lavolierecirque.com\/#website"},"primaryImageOfPage":{"@id":"https:\/\/lavolierecirque.com\/index.php\/2025\/12\/19\/appel-a-candidatures-residences-2026-cirque-aerien-danse-aerienne\/#primaryimage"},"image":{"@id":"https:\/\/lavolierecirque.com\/index.php\/2025\/12\/19\/appel-a-candidatures-residences-2026-cirque-aerien-danse-aerienne\/#primaryimage"},"thumbnailUrl":"https:\/\/lavolierecirque.com\/wp-content\/uploads\/2025\/12\/vignette_aac_residences-2026-1.png","datePublished":"2025-12-19T10:26:59+00:00","dateModified":"2026-01-15T12:07:33+00:00","author":{"@id":"https:\/\/lavolierecirque.com\/#\/schema\/person\/3dfbf06f98e272ebf13b70057fabbc0d"},"description":"Les cocons a\u00e9riens sont une discipline originale et novatrice qui se pratique dans des cocons ou hamac suspendus.Les cours sont dispens\u00e9s par Fred Deb\u2019 qui s\u2019attache \u00e0 d\u00e9velopper une approche holistique. Une pratique r\u00e9guli\u00e8re des cocons permet d\u2019am\u00e9liorer le bien-\u00eatre physique et psychique des personnes. Fred Deb\u2019 est form\u00e9 au Yoga A\u00e9rien VAYU, m\u00e9thode d\u00e9velopp\u00e9e par Ana Prada.Les cours ont lieu les lundis et mardis sur l\u2019heure du d\u00e9jeuner et s\u2019adressent principalement \u00e0 un public d\u2019adultes et de seniors.","breadcrumb":{"@id":"https:\/\/lavolierecirque.com\/index.php\/2025\/12\/19\/appel-a-candidatures-residences-2026-cirque-aerien-danse-aerienne\/#breadcrumb"},"inLanguage":"fr-FR","potentialAction":[{"@type":"ReadAction","target":["https:\/\/lavolierecirque.com\/index.php\/2025\/12\/19\/appel-a-candidatures-residences-2026-cirque-aerien-danse-aerienne\/"]}]},{"@type":"ImageObject","inLanguage":"fr-FR","@id":"https:\/\/lavolierecirque.com\/index.php\/2025\/12\/19\/appel-a-candidatures-residences-2026-cirque-aerien-danse-aerienne\/#primaryimage","url":"https:\/\/lavolierecirque.com\/wp-content\/uploads\/2025\/12\/vignette_aac_residences-2026-1.png","contentUrl":"https:\/\/lavolierecirque.com\/wp-content\/uploads\/2025\/12\/vignette_aac_residences-2026-1.png","width":1080,"height":1080},{"@type":"BreadcrumbList","@id":"https:\/\/lavolierecirque.com\/index.php\/2025\/12\/19\/appel-a-candidatures-residences-2026-cirque-aerien-danse-aerienne\/#breadcrumb","itemListElement":[{"@type":"ListItem","position":1,"name":"Accueil","item":"https:\/\/lavolierecirque.com\/"},{"@type":"ListItem","position":2,"name":"APPEL A CANDIDATURES \/ R\u00e9sidences 2026 &#8211; Cirque A\u00e9rien\/Danse A\u00e9rienne"}]},{"@type":"WebSite","@id":"https:\/\/lavolierecirque.com\/#website","url":"https:\/\/lavolierecirque.com\/","name":"La Voli\u00e8re","description":"Lieu d\u00e9di\u00e9 au nouveau cirque &amp; \u00e0 la danse a\u00e9rienne","potentialAction":[{"@type":"SearchAction","target":{"@type":"EntryPoint","urlTemplate":"https:\/\/lavolierecirque.com\/?s={search_term_string}"},"query-input":{"@type":"PropertyValueSpecification","valueRequired":true,"valueName":"search_term_string"}}],"inLanguage":"fr-FR"},{"@type":"Person","@id":"https:\/\/lavolierecirque.com\/#\/schema\/person\/3dfbf06f98e272ebf13b70057fabbc0d","name":"admin5999","image":{"@type":"ImageObject","inLanguage":"fr-FR","@id":"https:\/\/lavolierecirque.com\/#\/schema\/person\/image\/","url":"https:\/\/secure.gravatar.com\/avatar\/fad7dc9c5cde7157abf9bb29befecd0e?s=96&d=mm&r=g","contentUrl":"https:\/\/secure.gravatar.com\/avatar\/fad7dc9c5cde7157abf9bb29befecd0e?s=96&d=mm&r=g","caption":"admin5999"},"sameAs":["http:\/\/lavolierecirque.com"],"url":"https:\/\/lavolierecirque.com\/index.php\/author\/admin5999\/"}]}},"jetpack_featured_media_url":"https:\/\/lavolierecirque.com\/wp-content\/uploads\/2025\/12\/vignette_aac_residences-2026-1.png","rttpg_featured_image_url":{"full":["https:\/\/lavolierecirque.com\/wp-content\/uploads\/2025\/12\/vignette_aac_residences-2026-1.png",1080,1080,false],"landscape":["https:\/\/lavolierecirque.com\/wp-content\/uploads\/2025\/12\/vignette_aac_residences-2026-1.png",1080,1080,false],"portraits":["https:\/\/lavolierecirque.com\/wp-content\/uploads\/2025\/12\/vignette_aac_residences-2026-1.png",1080,1080,false],"thumbnail":["https:\/\/lavolierecirque.com\/wp-content\/uploads\/2025\/12\/vignette_aac_residences-2026-1-150x150.png",150,150,true],"medium":["https:\/\/lavolierecirque.com\/wp-content\/uploads\/2025\/12\/vignette_aac_residences-2026-1-300x300.png",300,300,true],"large":["https:\/\/lavolierecirque.com\/wp-content\/uploads\/2025\/12\/vignette_aac_residences-2026-1.png",1080,1080,false],"1536x1536":["https:\/\/lavolierecirque.com\/wp-content\/uploads\/2025\/12\/vignette_aac_residences-2026-1.png",1080,1080,false],"2048x2048":["https:\/\/lavolierecirque.com\/wp-content\/uploads\/2025\/12\/vignette_aac_residences-2026-1.png",1080,1080,false]},"rttpg_author":{"display_name":"admin5999","author_link":"https:\/\/lavolierecirque.com\/index.php\/author\/admin5999\/"},"rttpg_comment":0,"rttpg_category":"<a href=\"https:\/\/lavolierecirque.com\/index.php\/category\/residence\/\" rel=\"category tag\">R\u00e9sidences<\/a>","rttpg_excerpt":null,"_links":{"self":[{"href":"https:\/\/lavolierecirque.com\/index.php\/wp-json\/wp\/v2\/posts\/5531","targetHints":{"allow":["GET"]}}],"collection":[{"href":"https:\/\/lavolierecirque.com\/index.php\/wp-json\/wp\/v2\/posts"}],"about":[{"href":"https:\/\/lavolierecirque.com\/index.php\/wp-json\/wp\/v2\/types\/post"}],"author":[{"embeddable":true,"href":"https:\/\/lavolierecirque.com\/index.php\/wp-json\/wp\/v2\/users\/1"}],"replies":[{"embeddable":true,"href":"https:\/\/lavolierecirque.com\/index.php\/wp-json\/wp\/v2\/comments?post=5531"}],"version-history":[{"count":5,"href":"https:\/\/lavolierecirque.com\/index.php\/wp-json\/wp\/v2\/posts\/5531\/revisions"}],"predecessor-version":[{"id":5539,"href":"https:\/\/lavolierecirque.com\/index.php\/wp-json\/wp\/v2\/posts\/5531\/revisions\/5539"}],"wp:featuredmedia":[{"embeddable":true,"href":"https:\/\/lavolierecirque.com\/index.php\/wp-json\/wp\/v2\/media\/5538"}],"wp:attachment":[{"href":"https:\/\/lavolierecirque.com\/index.php\/wp-json\/wp\/v2\/media?parent=5531"}],"wp:term":[{"taxonomy":"category","embeddable":true,"href":"https:\/\/lavolierecirque.com\/index.php\/wp-json\/wp\/v2\/categories?post=5531"},{"taxonomy":"post_tag","embeddable":true,"href":"https:\/\/lavolierecirque.com\/index.php\/wp-json\/wp\/v2\/tags?post=5531"}],"curies":[{"name":"wp","href":"https:\/\/api.w.org\/{rel}","templated":true}]}}