{"id":5504,"date":"2025-12-09T12:05:49","date_gmt":"2025-12-09T11:05:49","guid":{"rendered":"https:\/\/lavolierecirque.com\/?p=5504"},"modified":"2026-01-05T13:33:14","modified_gmt":"2026-01-05T12:33:14","slug":"evenement-marche-aux-lumieres-a-guerande","status":"publish","type":"post","link":"https:\/\/lavolierecirque.com\/index.php\/2025\/12\/09\/evenement-marche-aux-lumieres-a-guerande\/","title":{"rendered":"EVENEMENT \/ Marche aux Lumi\u00e8res \u00e0 Gu\u00e9rande"},"content":{"rendered":"\n<div class=\"wp-block-columns is-layout-flex wp-container-core-columns-is-layout-1 wp-block-columns-is-layout-flex\">\n<div class=\"wp-block-column is-layout-flow wp-block-column-is-layout-flow\" style=\"flex-basis:100%\">\n<div class=\"wp-block-media-text alignwide is-stacked-on-mobile is-vertically-aligned-top\"><figure class=\"wp-block-media-text__media\"><img fetchpriority=\"high\" decoding=\"async\" width=\"1080\" height=\"1080\" src=\"https:\/\/lavolierecirque.com\/wp-content\/uploads\/2025\/12\/Cadre-SITE-Adhesions-Certifications-7.png\" alt=\"\" class=\"wp-image-5506 size-full\" srcset=\"https:\/\/lavolierecirque.com\/wp-content\/uploads\/2025\/12\/Cadre-SITE-Adhesions-Certifications-7.png 1080w, https:\/\/lavolierecirque.com\/wp-content\/uploads\/2025\/12\/Cadre-SITE-Adhesions-Certifications-7-300x300.png 300w, https:\/\/lavolierecirque.com\/wp-content\/uploads\/2025\/12\/Cadre-SITE-Adhesions-Certifications-7-150x150.png 150w, https:\/\/lavolierecirque.com\/wp-content\/uploads\/2025\/12\/Cadre-SITE-Adhesions-Certifications-7-768x768.png 768w\" sizes=\"(max-width: 1080px) 100vw, 1080px\" \/><\/figure><div class=\"wp-block-media-text__content\">\n<p>Au c\u0153ur de la cit\u00e9 m\u00e9di\u00e9vale de Gu\u00e9rande, la Marche aux Lumi\u00e8res invite le public \u00e0 une exp\u00e9rience sensible et symbolique : une procession silencieuse guid\u00e9e par la lumi\u00e8re des lanternes et la pr\u00e9sence vivante des artistes. <\/p>\n\n\n\n<p>Le parcours traverse cinq lieux embl\u00e9matiques, transform\u00e9s en stations po\u00e9tiques. <\/p>\n\n\n\n<ul class=\"wp-block-list\">\n<li>Concept artistique : Marzia Zambianchi<\/li>\n\n\n\n<li>Performeurs\u00b7euses : Marzia Zambianchi, Ella Brice, Marta Matovelle, K\u00e9ven Douis.<\/li>\n\n\n\n<li>Musicienne : Sarah Clenet<\/li>\n\n\n\n<li>Cr\u00e9ation lumi\u00e8re et accompagnement technique, : K\u00e9ven Douis et Z\u00e9lie Costes <\/li>\n\n\n\n<li>Collaboration : La Voli\u00e8re \/ Ville de Gu\u00e9rande<\/li>\n<\/ul>\n\n\n\n<p><strong>DATE:<\/strong>&nbsp;D\u00e8s 16h : Animations par les artistes de la Voli\u00e8re dans les rues de la ville.<br>D\u00e8s 18h : D\u00e9part de la d\u00e9ambulation au d\u00e9part de la Place Saint-Aubin<\/p>\n\n\n\n<p><strong>LIEU : <\/strong>Cit\u00e9 m\u00e9di\u00e9vale de Gu\u00e9rande<\/p>\n\n\n\n<div class=\"wp-block-buttons is-layout-flex wp-block-buttons-is-layout-flex\">\n<div class=\"wp-block-button\"><a class=\"wp-block-button__link wp-element-button\">Plus d&rsquo;informations sur No\u00ebl By Light<\/a><\/div>\n<\/div>\n\n\n\n<p>&nbsp; &nbsp; &nbsp; &nbsp; &nbsp; &nbsp; &nbsp; &nbsp; <\/p>\n<\/div><\/div>\n\n\n\n<p class=\"has-text-align-left\"><\/p>\n\n\n\n<p><\/p>\n<\/div>\n<\/div>\n","protected":false},"excerpt":{"rendered":"<p>Au c\u0153ur de la cit\u00e9 m\u00e9di\u00e9vale de Gu\u00e9rande, la Marche aux Lumi\u00e8res invite le public \u00e0 une exp\u00e9rience sensible et symbolique : une procession silencieuse guid\u00e9e par la lumi\u00e8re des lanternes et la pr\u00e9sence vivante des artistes. Le parcours traverse cinq lieux embl\u00e9matiques, transform\u00e9s en stations po\u00e9tiques. DATE:&nbsp;D\u00e8s 16h : Animations par les artistes de la Voli\u00e8re dans les rues de la ville.D\u00e8s 18h : D\u00e9part de la d\u00e9ambulation au d\u00e9part de la Place Saint-Aubin LIEU : Cit\u00e9 m\u00e9di\u00e9vale de Gu\u00e9rande &nbsp; &nbsp; &nbsp; &nbsp; &nbsp; &nbsp; &nbsp; &nbsp;<\/p>\n","protected":false},"author":1,"featured_media":5506,"comment_status":"closed","ping_status":"closed","sticky":false,"template":"","format":"standard","meta":{"site-sidebar-layout":"default","site-content-layout":"default","ast-global-header-display":"","ast-main-header-display":"","ast-hfb-above-header-display":"","ast-hfb-below-header-display":"","ast-hfb-mobile-header-display":"","site-post-title":"","ast-breadcrumbs-content":"","ast-featured-img":"","footer-sml-layout":"","theme-transparent-header-meta":"","adv-header-id-meta":"","stick-header-meta":"","header-above-stick-meta":"","header-main-stick-meta":"","header-below-stick-meta":"","ngg_post_thumbnail":0,"footnotes":""},"categories":[53],"tags":[57],"class_list":["post-5504","post","type-post","status-publish","format-standard","has-post-thumbnail","hentry","category-evenements-spectacles","tag-articlearchives"],"yoast_head":"<!-- This site is optimized with the Yoast SEO plugin v26.8 - https:\/\/yoast.com\/product\/yoast-seo-wordpress\/ -->\n<title>EVENEMENT \/ Marche aux Lumi\u00e8res \u00e0 Gu\u00e9rande - La Voli\u00e8re<\/title>\n<meta name=\"description\" content=\"D\u00e9couvrez les actualit\u00e9s de La Voli\u00e8re\" \/>\n<meta name=\"robots\" content=\"index, follow, max-snippet:-1, max-image-preview:large, max-video-preview:-1\" \/>\n<link rel=\"canonical\" href=\"https:\/\/lavolierecirque.com\/index.php\/2025\/12\/09\/evenement-marche-aux-lumieres-a-guerande\/\" \/>\n<meta property=\"og:locale\" content=\"fr_FR\" \/>\n<meta property=\"og:type\" content=\"article\" \/>\n<meta property=\"og:title\" content=\"EVENEMENT \/ Marche aux Lumi\u00e8res \u00e0 Gu\u00e9rande - La Voli\u00e8re\" \/>\n<meta property=\"og:description\" content=\"D\u00e9couvrez les actualit\u00e9s de La Voli\u00e8re\" \/>\n<meta property=\"og:url\" content=\"https:\/\/lavolierecirque.com\/index.php\/2025\/12\/09\/evenement-marche-aux-lumieres-a-guerande\/\" \/>\n<meta property=\"og:site_name\" content=\"La Voli\u00e8re\" \/>\n<meta property=\"article:published_time\" content=\"2025-12-09T11:05:49+00:00\" \/>\n<meta property=\"article:modified_time\" content=\"2026-01-05T12:33:14+00:00\" \/>\n<meta property=\"og:image\" content=\"https:\/\/lavolierecirque.com\/wp-content\/uploads\/2025\/12\/Cadre-SITE-Adhesions-Certifications-7.png\" \/>\n\t<meta property=\"og:image:width\" content=\"1080\" \/>\n\t<meta property=\"og:image:height\" content=\"1080\" \/>\n\t<meta property=\"og:image:type\" content=\"image\/png\" \/>\n<meta name=\"author\" content=\"admin5999\" \/>\n<meta name=\"twitter:card\" content=\"summary_large_image\" \/>\n<meta name=\"twitter:label1\" content=\"\u00c9crit par\" \/>\n\t<meta name=\"twitter:data1\" content=\"admin5999\" \/>\n\t<meta name=\"twitter:label2\" content=\"Dur\u00e9e de lecture estim\u00e9e\" \/>\n\t<meta name=\"twitter:data2\" content=\"2 minutes\" \/>\n<script type=\"application\/ld+json\" class=\"yoast-schema-graph\">{\"@context\":\"https:\/\/schema.org\",\"@graph\":[{\"@type\":\"Article\",\"@id\":\"https:\/\/lavolierecirque.com\/index.php\/2025\/12\/09\/evenement-marche-aux-lumieres-a-guerande\/#article\",\"isPartOf\":{\"@id\":\"https:\/\/lavolierecirque.com\/index.php\/2025\/12\/09\/evenement-marche-aux-lumieres-a-guerande\/\"},\"author\":{\"name\":\"admin5999\",\"@id\":\"https:\/\/lavolierecirque.com\/#\/schema\/person\/3dfbf06f98e272ebf13b70057fabbc0d\"},\"headline\":\"EVENEMENT \/ Marche aux Lumi\u00e8res \u00e0 Gu\u00e9rande\",\"datePublished\":\"2025-12-09T11:05:49+00:00\",\"dateModified\":\"2026-01-05T12:33:14+00:00\",\"mainEntityOfPage\":{\"@id\":\"https:\/\/lavolierecirque.com\/index.php\/2025\/12\/09\/evenement-marche-aux-lumieres-a-guerande\/\"},\"wordCount\":163,\"image\":{\"@id\":\"https:\/\/lavolierecirque.com\/index.php\/2025\/12\/09\/evenement-marche-aux-lumieres-a-guerande\/#primaryimage\"},\"thumbnailUrl\":\"https:\/\/lavolierecirque.com\/wp-content\/uploads\/2025\/12\/Cadre-SITE-Adhesions-Certifications-7.png\",\"keywords\":[\"article_archives\"],\"articleSection\":[\"\u00c9v\u00e9nements\"],\"inLanguage\":\"fr-FR\"},{\"@type\":\"WebPage\",\"@id\":\"https:\/\/lavolierecirque.com\/index.php\/2025\/12\/09\/evenement-marche-aux-lumieres-a-guerande\/\",\"url\":\"https:\/\/lavolierecirque.com\/index.php\/2025\/12\/09\/evenement-marche-aux-lumieres-a-guerande\/\",\"name\":\"EVENEMENT \/ Marche aux Lumi\u00e8res \u00e0 Gu\u00e9rande - La Voli\u00e8re\",\"isPartOf\":{\"@id\":\"https:\/\/lavolierecirque.com\/#website\"},\"primaryImageOfPage\":{\"@id\":\"https:\/\/lavolierecirque.com\/index.php\/2025\/12\/09\/evenement-marche-aux-lumieres-a-guerande\/#primaryimage\"},\"image\":{\"@id\":\"https:\/\/lavolierecirque.com\/index.php\/2025\/12\/09\/evenement-marche-aux-lumieres-a-guerande\/#primaryimage\"},\"thumbnailUrl\":\"https:\/\/lavolierecirque.com\/wp-content\/uploads\/2025\/12\/Cadre-SITE-Adhesions-Certifications-7.png\",\"datePublished\":\"2025-12-09T11:05:49+00:00\",\"dateModified\":\"2026-01-05T12:33:14+00:00\",\"author\":{\"@id\":\"https:\/\/lavolierecirque.com\/#\/schema\/person\/3dfbf06f98e272ebf13b70057fabbc0d\"},\"description\":\"D\u00e9couvrez les actualit\u00e9s de La Voli\u00e8re\",\"breadcrumb\":{\"@id\":\"https:\/\/lavolierecirque.com\/index.php\/2025\/12\/09\/evenement-marche-aux-lumieres-a-guerande\/#breadcrumb\"},\"inLanguage\":\"fr-FR\",\"potentialAction\":[{\"@type\":\"ReadAction\",\"target\":[\"https:\/\/lavolierecirque.com\/index.php\/2025\/12\/09\/evenement-marche-aux-lumieres-a-guerande\/\"]}]},{\"@type\":\"ImageObject\",\"inLanguage\":\"fr-FR\",\"@id\":\"https:\/\/lavolierecirque.com\/index.php\/2025\/12\/09\/evenement-marche-aux-lumieres-a-guerande\/#primaryimage\",\"url\":\"https:\/\/lavolierecirque.com\/wp-content\/uploads\/2025\/12\/Cadre-SITE-Adhesions-Certifications-7.png\",\"contentUrl\":\"https:\/\/lavolierecirque.com\/wp-content\/uploads\/2025\/12\/Cadre-SITE-Adhesions-Certifications-7.png\",\"width\":1080,\"height\":1080},{\"@type\":\"BreadcrumbList\",\"@id\":\"https:\/\/lavolierecirque.com\/index.php\/2025\/12\/09\/evenement-marche-aux-lumieres-a-guerande\/#breadcrumb\",\"itemListElement\":[{\"@type\":\"ListItem\",\"position\":1,\"name\":\"Accueil\",\"item\":\"https:\/\/lavolierecirque.com\/\"},{\"@type\":\"ListItem\",\"position\":2,\"name\":\"EVENEMENT \/ Marche aux Lumi\u00e8res \u00e0 Gu\u00e9rande\"}]},{\"@type\":\"WebSite\",\"@id\":\"https:\/\/lavolierecirque.com\/#website\",\"url\":\"https:\/\/lavolierecirque.com\/\",\"name\":\"La Voli\u00e8re\",\"description\":\"Lieu d\u00e9di\u00e9 au nouveau cirque &amp; \u00e0 la danse a\u00e9rienne\",\"potentialAction\":[{\"@type\":\"SearchAction\",\"target\":{\"@type\":\"EntryPoint\",\"urlTemplate\":\"https:\/\/lavolierecirque.com\/?s={search_term_string}\"},\"query-input\":{\"@type\":\"PropertyValueSpecification\",\"valueRequired\":true,\"valueName\":\"search_term_string\"}}],\"inLanguage\":\"fr-FR\"},{\"@type\":\"Person\",\"@id\":\"https:\/\/lavolierecirque.com\/#\/schema\/person\/3dfbf06f98e272ebf13b70057fabbc0d\",\"name\":\"admin5999\",\"image\":{\"@type\":\"ImageObject\",\"inLanguage\":\"fr-FR\",\"@id\":\"https:\/\/lavolierecirque.com\/#\/schema\/person\/image\/\",\"url\":\"https:\/\/secure.gravatar.com\/avatar\/fad7dc9c5cde7157abf9bb29befecd0e?s=96&d=mm&r=g\",\"contentUrl\":\"https:\/\/secure.gravatar.com\/avatar\/fad7dc9c5cde7157abf9bb29befecd0e?s=96&d=mm&r=g\",\"caption\":\"admin5999\"},\"sameAs\":[\"http:\/\/lavolierecirque.com\"],\"url\":\"https:\/\/lavolierecirque.com\/index.php\/author\/admin5999\/\"}]}<\/script>\n<!-- \/ Yoast SEO plugin. -->","yoast_head_json":{"title":"EVENEMENT \/ Marche aux Lumi\u00e8res \u00e0 Gu\u00e9rande - La Voli\u00e8re","description":"D\u00e9couvrez les actualit\u00e9s de La Voli\u00e8re","robots":{"index":"index","follow":"follow","max-snippet":"max-snippet:-1","max-image-preview":"max-image-preview:large","max-video-preview":"max-video-preview:-1"},"canonical":"https:\/\/lavolierecirque.com\/index.php\/2025\/12\/09\/evenement-marche-aux-lumieres-a-guerande\/","og_locale":"fr_FR","og_type":"article","og_title":"EVENEMENT \/ Marche aux Lumi\u00e8res \u00e0 Gu\u00e9rande - La Voli\u00e8re","og_description":"D\u00e9couvrez les actualit\u00e9s de La Voli\u00e8re","og_url":"https:\/\/lavolierecirque.com\/index.php\/2025\/12\/09\/evenement-marche-aux-lumieres-a-guerande\/","og_site_name":"La Voli\u00e8re","article_published_time":"2025-12-09T11:05:49+00:00","article_modified_time":"2026-01-05T12:33:14+00:00","og_image":[{"width":1080,"height":1080,"url":"https:\/\/lavolierecirque.com\/wp-content\/uploads\/2025\/12\/Cadre-SITE-Adhesions-Certifications-7.png","type":"image\/png"}],"author":"admin5999","twitter_card":"summary_large_image","twitter_misc":{"\u00c9crit par":"admin5999","Dur\u00e9e de lecture estim\u00e9e":"2 minutes"},"schema":{"@context":"https:\/\/schema.org","@graph":[{"@type":"Article","@id":"https:\/\/lavolierecirque.com\/index.php\/2025\/12\/09\/evenement-marche-aux-lumieres-a-guerande\/#article","isPartOf":{"@id":"https:\/\/lavolierecirque.com\/index.php\/2025\/12\/09\/evenement-marche-aux-lumieres-a-guerande\/"},"author":{"name":"admin5999","@id":"https:\/\/lavolierecirque.com\/#\/schema\/person\/3dfbf06f98e272ebf13b70057fabbc0d"},"headline":"EVENEMENT \/ Marche aux Lumi\u00e8res \u00e0 Gu\u00e9rande","datePublished":"2025-12-09T11:05:49+00:00","dateModified":"2026-01-05T12:33:14+00:00","mainEntityOfPage":{"@id":"https:\/\/lavolierecirque.com\/index.php\/2025\/12\/09\/evenement-marche-aux-lumieres-a-guerande\/"},"wordCount":163,"image":{"@id":"https:\/\/lavolierecirque.com\/index.php\/2025\/12\/09\/evenement-marche-aux-lumieres-a-guerande\/#primaryimage"},"thumbnailUrl":"https:\/\/lavolierecirque.com\/wp-content\/uploads\/2025\/12\/Cadre-SITE-Adhesions-Certifications-7.png","keywords":["article_archives"],"articleSection":["\u00c9v\u00e9nements"],"inLanguage":"fr-FR"},{"@type":"WebPage","@id":"https:\/\/lavolierecirque.com\/index.php\/2025\/12\/09\/evenement-marche-aux-lumieres-a-guerande\/","url":"https:\/\/lavolierecirque.com\/index.php\/2025\/12\/09\/evenement-marche-aux-lumieres-a-guerande\/","name":"EVENEMENT \/ Marche aux Lumi\u00e8res \u00e0 Gu\u00e9rande - La Voli\u00e8re","isPartOf":{"@id":"https:\/\/lavolierecirque.com\/#website"},"primaryImageOfPage":{"@id":"https:\/\/lavolierecirque.com\/index.php\/2025\/12\/09\/evenement-marche-aux-lumieres-a-guerande\/#primaryimage"},"image":{"@id":"https:\/\/lavolierecirque.com\/index.php\/2025\/12\/09\/evenement-marche-aux-lumieres-a-guerande\/#primaryimage"},"thumbnailUrl":"https:\/\/lavolierecirque.com\/wp-content\/uploads\/2025\/12\/Cadre-SITE-Adhesions-Certifications-7.png","datePublished":"2025-12-09T11:05:49+00:00","dateModified":"2026-01-05T12:33:14+00:00","author":{"@id":"https:\/\/lavolierecirque.com\/#\/schema\/person\/3dfbf06f98e272ebf13b70057fabbc0d"},"description":"D\u00e9couvrez les actualit\u00e9s de La Voli\u00e8re","breadcrumb":{"@id":"https:\/\/lavolierecirque.com\/index.php\/2025\/12\/09\/evenement-marche-aux-lumieres-a-guerande\/#breadcrumb"},"inLanguage":"fr-FR","potentialAction":[{"@type":"ReadAction","target":["https:\/\/lavolierecirque.com\/index.php\/2025\/12\/09\/evenement-marche-aux-lumieres-a-guerande\/"]}]},{"@type":"ImageObject","inLanguage":"fr-FR","@id":"https:\/\/lavolierecirque.com\/index.php\/2025\/12\/09\/evenement-marche-aux-lumieres-a-guerande\/#primaryimage","url":"https:\/\/lavolierecirque.com\/wp-content\/uploads\/2025\/12\/Cadre-SITE-Adhesions-Certifications-7.png","contentUrl":"https:\/\/lavolierecirque.com\/wp-content\/uploads\/2025\/12\/Cadre-SITE-Adhesions-Certifications-7.png","width":1080,"height":1080},{"@type":"BreadcrumbList","@id":"https:\/\/lavolierecirque.com\/index.php\/2025\/12\/09\/evenement-marche-aux-lumieres-a-guerande\/#breadcrumb","itemListElement":[{"@type":"ListItem","position":1,"name":"Accueil","item":"https:\/\/lavolierecirque.com\/"},{"@type":"ListItem","position":2,"name":"EVENEMENT \/ Marche aux Lumi\u00e8res \u00e0 Gu\u00e9rande"}]},{"@type":"WebSite","@id":"https:\/\/lavolierecirque.com\/#website","url":"https:\/\/lavolierecirque.com\/","name":"La Voli\u00e8re","description":"Lieu d\u00e9di\u00e9 au nouveau cirque &amp; \u00e0 la danse a\u00e9rienne","potentialAction":[{"@type":"SearchAction","target":{"@type":"EntryPoint","urlTemplate":"https:\/\/lavolierecirque.com\/?s={search_term_string}"},"query-input":{"@type":"PropertyValueSpecification","valueRequired":true,"valueName":"search_term_string"}}],"inLanguage":"fr-FR"},{"@type":"Person","@id":"https:\/\/lavolierecirque.com\/#\/schema\/person\/3dfbf06f98e272ebf13b70057fabbc0d","name":"admin5999","image":{"@type":"ImageObject","inLanguage":"fr-FR","@id":"https:\/\/lavolierecirque.com\/#\/schema\/person\/image\/","url":"https:\/\/secure.gravatar.com\/avatar\/fad7dc9c5cde7157abf9bb29befecd0e?s=96&d=mm&r=g","contentUrl":"https:\/\/secure.gravatar.com\/avatar\/fad7dc9c5cde7157abf9bb29befecd0e?s=96&d=mm&r=g","caption":"admin5999"},"sameAs":["http:\/\/lavolierecirque.com"],"url":"https:\/\/lavolierecirque.com\/index.php\/author\/admin5999\/"}]}},"jetpack_featured_media_url":"https:\/\/lavolierecirque.com\/wp-content\/uploads\/2025\/12\/Cadre-SITE-Adhesions-Certifications-7.png","rttpg_featured_image_url":{"full":["https:\/\/lavolierecirque.com\/wp-content\/uploads\/2025\/12\/Cadre-SITE-Adhesions-Certifications-7.png",1080,1080,false],"landscape":["https:\/\/lavolierecirque.com\/wp-content\/uploads\/2025\/12\/Cadre-SITE-Adhesions-Certifications-7.png",1080,1080,false],"portraits":["https:\/\/lavolierecirque.com\/wp-content\/uploads\/2025\/12\/Cadre-SITE-Adhesions-Certifications-7.png",1080,1080,false],"thumbnail":["https:\/\/lavolierecirque.com\/wp-content\/uploads\/2025\/12\/Cadre-SITE-Adhesions-Certifications-7-150x150.png",150,150,true],"medium":["https:\/\/lavolierecirque.com\/wp-content\/uploads\/2025\/12\/Cadre-SITE-Adhesions-Certifications-7-300x300.png",300,300,true],"large":["https:\/\/lavolierecirque.com\/wp-content\/uploads\/2025\/12\/Cadre-SITE-Adhesions-Certifications-7.png",1080,1080,false],"1536x1536":["https:\/\/lavolierecirque.com\/wp-content\/uploads\/2025\/12\/Cadre-SITE-Adhesions-Certifications-7.png",1080,1080,false],"2048x2048":["https:\/\/lavolierecirque.com\/wp-content\/uploads\/2025\/12\/Cadre-SITE-Adhesions-Certifications-7.png",1080,1080,false]},"rttpg_author":{"display_name":"admin5999","author_link":"https:\/\/lavolierecirque.com\/index.php\/author\/admin5999\/"},"rttpg_comment":0,"rttpg_category":"<a href=\"https:\/\/lavolierecirque.com\/index.php\/category\/evenements-spectacles\/\" rel=\"category tag\">\u00c9v\u00e9nements<\/a>","rttpg_excerpt":"Au c\u0153ur de la cit\u00e9 m\u00e9di\u00e9vale de Gu\u00e9rande, la Marche aux Lumi\u00e8res invite le public \u00e0 une exp\u00e9rience sensible et symbolique : une procession silencieuse guid\u00e9e par la lumi\u00e8re des lanternes et la pr\u00e9sence vivante des artistes. Le parcours traverse cinq lieux embl\u00e9matiques, transform\u00e9s en stations po\u00e9tiques. DATE:&nbsp;D\u00e8s 16h : Animations par les artistes de\u2026","_links":{"self":[{"href":"https:\/\/lavolierecirque.com\/index.php\/wp-json\/wp\/v2\/posts\/5504","targetHints":{"allow":["GET"]}}],"collection":[{"href":"https:\/\/lavolierecirque.com\/index.php\/wp-json\/wp\/v2\/posts"}],"about":[{"href":"https:\/\/lavolierecirque.com\/index.php\/wp-json\/wp\/v2\/types\/post"}],"author":[{"embeddable":true,"href":"https:\/\/lavolierecirque.com\/index.php\/wp-json\/wp\/v2\/users\/1"}],"replies":[{"embeddable":true,"href":"https:\/\/lavolierecirque.com\/index.php\/wp-json\/wp\/v2\/comments?post=5504"}],"version-history":[{"count":3,"href":"https:\/\/lavolierecirque.com\/index.php\/wp-json\/wp\/v2\/posts\/5504\/revisions"}],"predecessor-version":[{"id":5511,"href":"https:\/\/lavolierecirque.com\/index.php\/wp-json\/wp\/v2\/posts\/5504\/revisions\/5511"}],"wp:featuredmedia":[{"embeddable":true,"href":"https:\/\/lavolierecirque.com\/index.php\/wp-json\/wp\/v2\/media\/5506"}],"wp:attachment":[{"href":"https:\/\/lavolierecirque.com\/index.php\/wp-json\/wp\/v2\/media?parent=5504"}],"wp:term":[{"taxonomy":"category","embeddable":true,"href":"https:\/\/lavolierecirque.com\/index.php\/wp-json\/wp\/v2\/categories?post=5504"},{"taxonomy":"post_tag","embeddable":true,"href":"https:\/\/lavolierecirque.com\/index.php\/wp-json\/wp\/v2\/tags?post=5504"}],"curies":[{"name":"wp","href":"https:\/\/api.w.org\/{rel}","templated":true}]}}