{"id":3570,"date":"2024-07-07T17:25:45","date_gmt":"2024-07-07T15:25:45","guid":{"rendered":"https:\/\/lavolierecirque.com\/?p=3570"},"modified":"2025-01-21T15:14:54","modified_gmt":"2025-01-21T14:14:54","slug":"spectacles-du-festival-les-rencontres-de-danse-aerienne","status":"publish","type":"post","link":"https:\/\/lavolierecirque.com\/index.php\/2024\/07\/07\/spectacles-du-festival-les-rencontres-de-danse-aerienne\/","title":{"rendered":"SPECTACLES du Festival Les Rencontres de Danse A\u00e9rienne"},"content":{"rendered":"\t\t<div data-elementor-type=\"wp-post\" data-elementor-id=\"3570\" class=\"elementor elementor-3570\">\n\t\t\t\t\t\t<section class=\"elementor-section elementor-top-section elementor-element elementor-element-4a0ca4a elementor-section-boxed elementor-section-height-default elementor-section-height-default wpr-particle-no wpr-jarallax-no wpr-parallax-no wpr-sticky-section-no wpr-equal-height-no\" data-id=\"4a0ca4a\" data-element_type=\"section\" data-e-type=\"section\">\n\t\t\t\t\t\t<div class=\"elementor-container elementor-column-gap-default\">\n\t\t\t\t\t<div class=\"elementor-column elementor-col-100 elementor-top-column elementor-element elementor-element-1fd69c3\" data-id=\"1fd69c3\" data-element_type=\"column\" data-e-type=\"column\">\n\t\t\t<div class=\"elementor-widget-wrap elementor-element-populated\">\n\t\t\t\t\t\t<div class=\"elementor-element elementor-element-f29b1dc elementor-widget elementor-widget-text-editor\" data-id=\"f29b1dc\" data-element_type=\"widget\" data-e-type=\"widget\" data-widget_type=\"text-editor.default\">\n\t\t\t\t<div class=\"elementor-widget-container\">\n\t\t\t\t\t\t\t\t\t<p><strong>La<\/strong><b style=\"font-style: inherit; color: var( --e-global-color-text ); font-family: var( --e-global-typography-text-font-family ), Sans-serif; background-color: var(--ast-global-color-5);\"> Voli\u00e8re organise la 13\u00e8me \u00e9dition du Festival Les Rencontres de Danse A\u00e9rienne \u00e0 St Nazaire.<br \/><\/b>2 temps forts :<br \/>&#8211; Une semaine de formation et perfectionnement aux disciplines a\u00e9riennes (du 08 au 12\/07\/2024)<br \/>&#8211; 2 spectacles propos\u00e9s au grand public :<\/p><p>\u00a0<\/p><p><b style=\"font-style: inherit; color: var( --e-global-color-text ); font-family: var( --e-global-typography-text-font-family ), Sans-serif; background-color: var(--ast-global-color-5);\"><a href=\"https:\/\/lavolierecirque.com\/spectacle-mixcity\/\" rel=\"attachment wp-att-3574\"><img fetchpriority=\"high\" decoding=\"async\" class=\"size-medium wp-image-3574 alignleft\" src=\"https:\/\/lavolierecirque.com\/wp-content\/uploads\/2024\/07\/spectacle-MIXcity-300x300.png\" alt=\"\" width=\"300\" height=\"300\" srcset=\"https:\/\/lavolierecirque.com\/wp-content\/uploads\/2024\/07\/spectacle-MIXcity-300x300.png 300w, https:\/\/lavolierecirque.com\/wp-content\/uploads\/2024\/07\/spectacle-MIXcity-150x150.png 150w, https:\/\/lavolierecirque.com\/wp-content\/uploads\/2024\/07\/spectacle-MIXcity-768x768.png 768w, https:\/\/lavolierecirque.com\/wp-content\/uploads\/2024\/07\/spectacle-MIXcity.png 1080w\" sizes=\"(max-width: 300px) 100vw, 300px\" \/><\/a>07\/07\/2024 (19h \u00e0\u00a019h30 \u00e0 La Voli\u00e8re)<\/b><\/p><p><b><i>MIXCity, cr\u00e9ation collective originale d&rsquo;artistes de\u00a0cirque a\u00e9rien<\/i><\/b><\/p><p><span style=\"font-style: inherit; font-weight: inherit; color: var( --e-global-color-text ); font-family: var( --e-global-typography-text-font-family ), Sans-serif; background-color: var(--ast-global-color-5);\">Cinq artistes \u00e9mergentes issues des quatre coins de l\u2019Europe\u00a0participent \u00e0 un processus de cr\u00e9ation collaboratif de deux mois \u00e0 La Voli\u00e8re :<br \/>Ouria Tran, Selma Hellmann, Josefina Rozic, Marta Matovelle et Cecilia\u00a0Echevarria. (Corde, tissus, sangles, trap\u00e8ze)<\/span><\/p><p>MIXcity est une performance en espace publique qui pr\u00e9sente\u00a0l\u2019aboutissement de ce travail de recherche en lien avec les questions de\u00a0diversit\u00e9 culturelle de la Ville de Saint-Nazaire.<\/p><p>Parall\u00e8lement, le travail artistique se nourrit des\u00a0parcours, histoires et cultures des habitants du territoire \u00e0 travers des temps\u00a0de recherche participatifs.<\/p><p>Gratuit &#8211; Sans r\u00e9servation (Accueil d\u00e8s 18H30, sur place un bar associatif avec petit snacks)<\/p><p>\u00a0<\/p><p>\u00a0<\/p><p><b style=\"font-style: inherit; color: var( --e-global-color-text ); font-family: var( --e-global-typography-text-font-family ), Sans-serif; background-color: var(--ast-global-color-5);\"><a href=\"https:\/\/lavolierecirque.com\/spectacle-mixcity-1\/\" rel=\"attachment wp-att-3573\"><img decoding=\"async\" class=\"size-medium wp-image-3573 alignleft\" src=\"https:\/\/lavolierecirque.com\/wp-content\/uploads\/2024\/07\/spectacle-MIXcity-1-300x300.png\" alt=\"\" width=\"300\" height=\"300\" srcset=\"https:\/\/lavolierecirque.com\/wp-content\/uploads\/2024\/07\/spectacle-MIXcity-1-300x300.png 300w, https:\/\/lavolierecirque.com\/wp-content\/uploads\/2024\/07\/spectacle-MIXcity-1-150x150.png 150w, https:\/\/lavolierecirque.com\/wp-content\/uploads\/2024\/07\/spectacle-MIXcity-1-768x768.png 768w, https:\/\/lavolierecirque.com\/wp-content\/uploads\/2024\/07\/spectacle-MIXcity-1.png 1080w\" sizes=\"(max-width: 300px) 100vw, 300px\" \/><\/a><\/b><\/p><p><b style=\"font-style: inherit; color: var( --e-global-color-text ); font-family: var( --e-global-typography-text-font-family ), Sans-serif; background-color: var(--ast-global-color-5);\">11\/07\/2024 (19h30 \u00e0 21h \u00e0 La Voli\u00e8re)<\/b><\/p><p><b><i>Carte blanche aux artistes de Culture Moves Europe <\/i><\/b>(Corde,\u00a0sangles, tissus, trap\u00e8ze)<b><i><\/i><\/b><\/p><p><span style=\"font-style: inherit; font-weight: inherit; color: var( --e-global-color-text ); font-family: var( --e-global-typography-text-font-family ), Sans-serif; background-color: var(--ast-global-color-5);\">5 artistes a\u00e9riennes Europ\u00e9ennes pr\u00e9senteront leurs\u00a0cr\u00e9ations personnelles travaill\u00e9es au cours de ces 2 derniers mois pass\u00e9s en<br \/>r\u00e9sidence \u00e0 La Voli\u00e8re dans le cadre du dispositif Culture Moves Europe.<\/span><\/p><p>D\u2019origines g\u00e9ographiques vari\u00e9es tout comme leurs\u00a0disciplines a\u00e9riennes, c\u2019est l\u2019occasion pour le public Nazairien de venir \u00e0<br \/>leur rencontre et d\u00e9couvrir chacun de leurs univers artistiques.\u00a0<\/p><p style=\"font-size: 16px; font-style: normal; font-weight: 400;\">Gratuit (Ouverture \u00e0 partir de 19H15, sur place un bar associatif avec petit snacks)<\/p><div><span style=\"text-decoration: underline;\"><a href=\"https:\/\/www.billetweb.fr\/carteblanche1107\" target=\"_blank\" rel=\"noopener\">Sur r\u00e9servation ICI\u00a0<\/a><\/span><\/div><div>\u00a0<\/div><div>\u00a0<\/div><div>\u00a0<\/div><div style=\"text-align: center;\"><a style=\"font-family: var( --e-global-typography-text-font-family ), Sans-serif; font-size: var( --e-global-typography-text-font-size ); font-weight: var( --e-global-typography-text-font-weight );\" href=\"https:\/\/www.lesrencontresdedanseaerienne.com\/fr\/spectacle\/\" target=\"_blank\" rel=\"noopener\">Plus d&rsquo;infos sur le site d\u00e9di\u00e9 au Festival : www.lesrencontresdedanseaerienne.com<\/a><\/div>\t\t\t\t\t\t\t\t<\/div>\n\t\t\t\t<\/div>\n\t\t\t\t\t<\/div>\n\t\t<\/div>\n\t\t\t\t\t<\/div>\n\t\t<\/section>\n\t\t\t\t<\/div>\n\t\t","protected":false},"excerpt":{"rendered":"<p>La Voli\u00e8re organise la 13\u00e8me \u00e9dition du Festival Les Rencontres de Danse A\u00e9rienne \u00e0 St Nazaire.2 temps forts :&#8211; Une semaine de formation et perfectionnement aux disciplines a\u00e9riennes (du 08 au 12\/07\/2024)&#8211; 2 spectacles propos\u00e9s au grand public : \u00a0 07\/07\/2024 (19h \u00e0\u00a019h30 \u00e0 La Voli\u00e8re) MIXCity, cr\u00e9ation collective originale d&rsquo;artistes de\u00a0cirque a\u00e9rien Cinq artistes \u00e9mergentes issues des quatre coins de l\u2019Europe\u00a0participent \u00e0 un processus de cr\u00e9ation collaboratif de deux mois \u00e0 La Voli\u00e8re :Ouria Tran, Selma Hellmann, Josefina Rozic, Marta Matovelle et Cecilia\u00a0Echevarria. (Corde, tissus, sangles, trap\u00e8ze) MIXcity est une performance en espace publique qui pr\u00e9sente\u00a0l\u2019aboutissement de ce travail de recherche en lien avec les questions de\u00a0diversit\u00e9 culturelle de la Ville de Saint-Nazaire. Parall\u00e8lement, le travail artistique se nourrit des\u00a0parcours, histoires et cultures des habitants du territoire \u00e0 travers des temps\u00a0de recherche participatifs. Gratuit &#8211; Sans r\u00e9servation (Accueil d\u00e8s 18H30, sur place un bar associatif avec petit snacks) \u00a0 \u00a0 11\/07\/2024 (19h30 \u00e0 21h \u00e0 La Voli\u00e8re) Carte blanche aux artistes de Culture Moves Europe (Corde,\u00a0sangles, tissus, trap\u00e8ze) 5 artistes a\u00e9riennes Europ\u00e9ennes pr\u00e9senteront leurs\u00a0cr\u00e9ations personnelles travaill\u00e9es au cours de ces 2 derniers mois pass\u00e9s enr\u00e9sidence \u00e0 La Voli\u00e8re dans le cadre du dispositif Culture Moves Europe. D\u2019origines g\u00e9ographiques vari\u00e9es tout comme leurs\u00a0disciplines a\u00e9riennes, c\u2019est l\u2019occasion pour le public Nazairien de venir \u00e0leur rencontre et d\u00e9couvrir chacun de leurs univers artistiques.\u00a0 Gratuit (Ouverture \u00e0 partir de 19H15, sur place un bar associatif avec petit snacks) Sur r\u00e9servation ICI\u00a0\u00a0\u00a0\u00a0Plus d&rsquo;infos sur le site d\u00e9di\u00e9 au Festival : www.lesrencontresdedanseaerienne.com<\/p>\n","protected":false},"author":1,"featured_media":3574,"comment_status":"open","ping_status":"open","sticky":false,"template":"","format":"standard","meta":{"site-sidebar-layout":"default","site-content-layout":"default","ast-global-header-display":"","ast-main-header-display":"","ast-hfb-above-header-display":"","ast-hfb-below-header-display":"","ast-hfb-mobile-header-display":"","site-post-title":"","ast-breadcrumbs-content":"","ast-featured-img":"","footer-sml-layout":"","theme-transparent-header-meta":"","adv-header-id-meta":"","stick-header-meta":"","header-above-stick-meta":"","header-main-stick-meta":"","header-below-stick-meta":"","ngg_post_thumbnail":0,"footnotes":""},"categories":[53],"tags":[57],"class_list":["post-3570","post","type-post","status-publish","format-standard","has-post-thumbnail","hentry","category-evenements-spectacles","tag-articlearchives"],"yoast_head":"<!-- This site is optimized with the Yoast SEO plugin v26.8 - https:\/\/yoast.com\/product\/yoast-seo-wordpress\/ -->\n<title>SPECTACLES du Festival Les Rencontres de Danse A\u00e9rienne - La Voli\u00e8re<\/title>\n<meta name=\"robots\" content=\"index, follow, max-snippet:-1, max-image-preview:large, max-video-preview:-1\" \/>\n<link rel=\"canonical\" href=\"https:\/\/lavolierecirque.com\/index.php\/2024\/07\/07\/spectacles-du-festival-les-rencontres-de-danse-aerienne\/\" \/>\n<meta property=\"og:locale\" content=\"fr_FR\" \/>\n<meta property=\"og:type\" content=\"article\" \/>\n<meta property=\"og:title\" content=\"SPECTACLES du Festival Les Rencontres de Danse A\u00e9rienne - La Voli\u00e8re\" \/>\n<meta property=\"og:description\" content=\"La Voli\u00e8re organise la 13\u00e8me \u00e9dition du Festival Les Rencontres de Danse A\u00e9rienne \u00e0 St Nazaire.2 temps forts :&#8211; Une semaine de formation et perfectionnement aux disciplines a\u00e9riennes (du 08 au 12\/07\/2024)&#8211; 2 spectacles propos\u00e9s au grand public : \u00a0 07\/07\/2024 (19h \u00e0\u00a019h30 \u00e0 La Voli\u00e8re) MIXCity, cr\u00e9ation collective originale d&rsquo;artistes de\u00a0cirque a\u00e9rien Cinq artistes \u00e9mergentes issues des quatre coins de l\u2019Europe\u00a0participent \u00e0 un processus de cr\u00e9ation collaboratif de deux mois \u00e0 La Voli\u00e8re :Ouria Tran, Selma Hellmann, Josefina Rozic, Marta Matovelle et Cecilia\u00a0Echevarria. (Corde, tissus, sangles, trap\u00e8ze) MIXcity est une performance en espace publique qui pr\u00e9sente\u00a0l\u2019aboutissement de ce travail de recherche en lien avec les questions de\u00a0diversit\u00e9 culturelle de la Ville de Saint-Nazaire. Parall\u00e8lement, le travail artistique se nourrit des\u00a0parcours, histoires et cultures des habitants du territoire \u00e0 travers des temps\u00a0de recherche participatifs. Gratuit &#8211; Sans r\u00e9servation (Accueil d\u00e8s 18H30, sur place un bar associatif avec petit snacks) \u00a0 \u00a0 11\/07\/2024 (19h30 \u00e0 21h \u00e0 La Voli\u00e8re) Carte blanche aux artistes de Culture Moves Europe (Corde,\u00a0sangles, tissus, trap\u00e8ze) 5 artistes a\u00e9riennes Europ\u00e9ennes pr\u00e9senteront leurs\u00a0cr\u00e9ations personnelles travaill\u00e9es au cours de ces 2 derniers mois pass\u00e9s enr\u00e9sidence \u00e0 La Voli\u00e8re dans le cadre du dispositif Culture Moves Europe. D\u2019origines g\u00e9ographiques vari\u00e9es tout comme leurs\u00a0disciplines a\u00e9riennes, c\u2019est l\u2019occasion pour le public Nazairien de venir \u00e0leur rencontre et d\u00e9couvrir chacun de leurs univers artistiques.\u00a0 Gratuit (Ouverture \u00e0 partir de 19H15, sur place un bar associatif avec petit snacks) Sur r\u00e9servation ICI\u00a0\u00a0\u00a0\u00a0Plus d&rsquo;infos sur le site d\u00e9di\u00e9 au Festival : www.lesrencontresdedanseaerienne.com\" \/>\n<meta property=\"og:url\" content=\"https:\/\/lavolierecirque.com\/index.php\/2024\/07\/07\/spectacles-du-festival-les-rencontres-de-danse-aerienne\/\" \/>\n<meta property=\"og:site_name\" content=\"La Voli\u00e8re\" \/>\n<meta property=\"article:published_time\" content=\"2024-07-07T15:25:45+00:00\" \/>\n<meta property=\"article:modified_time\" content=\"2025-01-21T14:14:54+00:00\" \/>\n<meta property=\"og:image\" content=\"https:\/\/lavolierecirque.com\/wp-content\/uploads\/2024\/07\/spectacle-MIXcity.png\" \/>\n\t<meta property=\"og:image:width\" content=\"1080\" \/>\n\t<meta property=\"og:image:height\" content=\"1080\" \/>\n\t<meta property=\"og:image:type\" content=\"image\/png\" \/>\n<meta name=\"author\" content=\"admin5999\" \/>\n<meta name=\"twitter:card\" content=\"summary_large_image\" \/>\n<meta name=\"twitter:label1\" content=\"\u00c9crit par\" \/>\n\t<meta name=\"twitter:data1\" content=\"admin5999\" \/>\n\t<meta name=\"twitter:label2\" content=\"Dur\u00e9e de lecture estim\u00e9e\" \/>\n\t<meta name=\"twitter:data2\" content=\"2 minutes\" \/>\n<script type=\"application\/ld+json\" class=\"yoast-schema-graph\">{\"@context\":\"https:\/\/schema.org\",\"@graph\":[{\"@type\":\"Article\",\"@id\":\"https:\/\/lavolierecirque.com\/index.php\/2024\/07\/07\/spectacles-du-festival-les-rencontres-de-danse-aerienne\/#article\",\"isPartOf\":{\"@id\":\"https:\/\/lavolierecirque.com\/index.php\/2024\/07\/07\/spectacles-du-festival-les-rencontres-de-danse-aerienne\/\"},\"author\":{\"name\":\"admin5999\",\"@id\":\"https:\/\/lavolierecirque.com\/#\/schema\/person\/3dfbf06f98e272ebf13b70057fabbc0d\"},\"headline\":\"SPECTACLES du Festival Les Rencontres de Danse A\u00e9rienne\",\"datePublished\":\"2024-07-07T15:25:45+00:00\",\"dateModified\":\"2025-01-21T14:14:54+00:00\",\"mainEntityOfPage\":{\"@id\":\"https:\/\/lavolierecirque.com\/index.php\/2024\/07\/07\/spectacles-du-festival-les-rencontres-de-danse-aerienne\/\"},\"wordCount\":286,\"commentCount\":0,\"image\":{\"@id\":\"https:\/\/lavolierecirque.com\/index.php\/2024\/07\/07\/spectacles-du-festival-les-rencontres-de-danse-aerienne\/#primaryimage\"},\"thumbnailUrl\":\"https:\/\/lavolierecirque.com\/wp-content\/uploads\/2024\/07\/spectacle-MIXcity.png\",\"keywords\":[\"article_archives\"],\"articleSection\":[\"\u00c9v\u00e9nements\"],\"inLanguage\":\"fr-FR\",\"potentialAction\":[{\"@type\":\"CommentAction\",\"name\":\"Comment\",\"target\":[\"https:\/\/lavolierecirque.com\/index.php\/2024\/07\/07\/spectacles-du-festival-les-rencontres-de-danse-aerienne\/#respond\"]}]},{\"@type\":\"WebPage\",\"@id\":\"https:\/\/lavolierecirque.com\/index.php\/2024\/07\/07\/spectacles-du-festival-les-rencontres-de-danse-aerienne\/\",\"url\":\"https:\/\/lavolierecirque.com\/index.php\/2024\/07\/07\/spectacles-du-festival-les-rencontres-de-danse-aerienne\/\",\"name\":\"SPECTACLES du Festival Les Rencontres de Danse A\u00e9rienne - La Voli\u00e8re\",\"isPartOf\":{\"@id\":\"https:\/\/lavolierecirque.com\/#website\"},\"primaryImageOfPage\":{\"@id\":\"https:\/\/lavolierecirque.com\/index.php\/2024\/07\/07\/spectacles-du-festival-les-rencontres-de-danse-aerienne\/#primaryimage\"},\"image\":{\"@id\":\"https:\/\/lavolierecirque.com\/index.php\/2024\/07\/07\/spectacles-du-festival-les-rencontres-de-danse-aerienne\/#primaryimage\"},\"thumbnailUrl\":\"https:\/\/lavolierecirque.com\/wp-content\/uploads\/2024\/07\/spectacle-MIXcity.png\",\"datePublished\":\"2024-07-07T15:25:45+00:00\",\"dateModified\":\"2025-01-21T14:14:54+00:00\",\"author\":{\"@id\":\"https:\/\/lavolierecirque.com\/#\/schema\/person\/3dfbf06f98e272ebf13b70057fabbc0d\"},\"breadcrumb\":{\"@id\":\"https:\/\/lavolierecirque.com\/index.php\/2024\/07\/07\/spectacles-du-festival-les-rencontres-de-danse-aerienne\/#breadcrumb\"},\"inLanguage\":\"fr-FR\",\"potentialAction\":[{\"@type\":\"ReadAction\",\"target\":[\"https:\/\/lavolierecirque.com\/index.php\/2024\/07\/07\/spectacles-du-festival-les-rencontres-de-danse-aerienne\/\"]}]},{\"@type\":\"ImageObject\",\"inLanguage\":\"fr-FR\",\"@id\":\"https:\/\/lavolierecirque.com\/index.php\/2024\/07\/07\/spectacles-du-festival-les-rencontres-de-danse-aerienne\/#primaryimage\",\"url\":\"https:\/\/lavolierecirque.com\/wp-content\/uploads\/2024\/07\/spectacle-MIXcity.png\",\"contentUrl\":\"https:\/\/lavolierecirque.com\/wp-content\/uploads\/2024\/07\/spectacle-MIXcity.png\",\"width\":1080,\"height\":1080},{\"@type\":\"BreadcrumbList\",\"@id\":\"https:\/\/lavolierecirque.com\/index.php\/2024\/07\/07\/spectacles-du-festival-les-rencontres-de-danse-aerienne\/#breadcrumb\",\"itemListElement\":[{\"@type\":\"ListItem\",\"position\":1,\"name\":\"Accueil\",\"item\":\"https:\/\/lavolierecirque.com\/\"},{\"@type\":\"ListItem\",\"position\":2,\"name\":\"SPECTACLES du Festival Les Rencontres de Danse A\u00e9rienne\"}]},{\"@type\":\"WebSite\",\"@id\":\"https:\/\/lavolierecirque.com\/#website\",\"url\":\"https:\/\/lavolierecirque.com\/\",\"name\":\"La Voli\u00e8re\",\"description\":\"Lieu d\u00e9di\u00e9 au nouveau cirque &amp; \u00e0 la danse a\u00e9rienne\",\"potentialAction\":[{\"@type\":\"SearchAction\",\"target\":{\"@type\":\"EntryPoint\",\"urlTemplate\":\"https:\/\/lavolierecirque.com\/?s={search_term_string}\"},\"query-input\":{\"@type\":\"PropertyValueSpecification\",\"valueRequired\":true,\"valueName\":\"search_term_string\"}}],\"inLanguage\":\"fr-FR\"},{\"@type\":\"Person\",\"@id\":\"https:\/\/lavolierecirque.com\/#\/schema\/person\/3dfbf06f98e272ebf13b70057fabbc0d\",\"name\":\"admin5999\",\"image\":{\"@type\":\"ImageObject\",\"inLanguage\":\"fr-FR\",\"@id\":\"https:\/\/lavolierecirque.com\/#\/schema\/person\/image\/\",\"url\":\"https:\/\/secure.gravatar.com\/avatar\/fad7dc9c5cde7157abf9bb29befecd0e?s=96&d=mm&r=g\",\"contentUrl\":\"https:\/\/secure.gravatar.com\/avatar\/fad7dc9c5cde7157abf9bb29befecd0e?s=96&d=mm&r=g\",\"caption\":\"admin5999\"},\"sameAs\":[\"http:\/\/lavolierecirque.com\"],\"url\":\"https:\/\/lavolierecirque.com\/index.php\/author\/admin5999\/\"}]}<\/script>\n<!-- \/ Yoast SEO plugin. -->","yoast_head_json":{"title":"SPECTACLES du Festival Les Rencontres de Danse A\u00e9rienne - La Voli\u00e8re","robots":{"index":"index","follow":"follow","max-snippet":"max-snippet:-1","max-image-preview":"max-image-preview:large","max-video-preview":"max-video-preview:-1"},"canonical":"https:\/\/lavolierecirque.com\/index.php\/2024\/07\/07\/spectacles-du-festival-les-rencontres-de-danse-aerienne\/","og_locale":"fr_FR","og_type":"article","og_title":"SPECTACLES du Festival Les Rencontres de Danse A\u00e9rienne - La Voli\u00e8re","og_description":"La Voli\u00e8re organise la 13\u00e8me \u00e9dition du Festival Les Rencontres de Danse A\u00e9rienne \u00e0 St Nazaire.2 temps forts :&#8211; Une semaine de formation et perfectionnement aux disciplines a\u00e9riennes (du 08 au 12\/07\/2024)&#8211; 2 spectacles propos\u00e9s au grand public : \u00a0 07\/07\/2024 (19h \u00e0\u00a019h30 \u00e0 La Voli\u00e8re) MIXCity, cr\u00e9ation collective originale d&rsquo;artistes de\u00a0cirque a\u00e9rien Cinq artistes \u00e9mergentes issues des quatre coins de l\u2019Europe\u00a0participent \u00e0 un processus de cr\u00e9ation collaboratif de deux mois \u00e0 La Voli\u00e8re :Ouria Tran, Selma Hellmann, Josefina Rozic, Marta Matovelle et Cecilia\u00a0Echevarria. (Corde, tissus, sangles, trap\u00e8ze) MIXcity est une performance en espace publique qui pr\u00e9sente\u00a0l\u2019aboutissement de ce travail de recherche en lien avec les questions de\u00a0diversit\u00e9 culturelle de la Ville de Saint-Nazaire. Parall\u00e8lement, le travail artistique se nourrit des\u00a0parcours, histoires et cultures des habitants du territoire \u00e0 travers des temps\u00a0de recherche participatifs. Gratuit &#8211; Sans r\u00e9servation (Accueil d\u00e8s 18H30, sur place un bar associatif avec petit snacks) \u00a0 \u00a0 11\/07\/2024 (19h30 \u00e0 21h \u00e0 La Voli\u00e8re) Carte blanche aux artistes de Culture Moves Europe (Corde,\u00a0sangles, tissus, trap\u00e8ze) 5 artistes a\u00e9riennes Europ\u00e9ennes pr\u00e9senteront leurs\u00a0cr\u00e9ations personnelles travaill\u00e9es au cours de ces 2 derniers mois pass\u00e9s enr\u00e9sidence \u00e0 La Voli\u00e8re dans le cadre du dispositif Culture Moves Europe. D\u2019origines g\u00e9ographiques vari\u00e9es tout comme leurs\u00a0disciplines a\u00e9riennes, c\u2019est l\u2019occasion pour le public Nazairien de venir \u00e0leur rencontre et d\u00e9couvrir chacun de leurs univers artistiques.\u00a0 Gratuit (Ouverture \u00e0 partir de 19H15, sur place un bar associatif avec petit snacks) Sur r\u00e9servation ICI\u00a0\u00a0\u00a0\u00a0Plus d&rsquo;infos sur le site d\u00e9di\u00e9 au Festival : www.lesrencontresdedanseaerienne.com","og_url":"https:\/\/lavolierecirque.com\/index.php\/2024\/07\/07\/spectacles-du-festival-les-rencontres-de-danse-aerienne\/","og_site_name":"La Voli\u00e8re","article_published_time":"2024-07-07T15:25:45+00:00","article_modified_time":"2025-01-21T14:14:54+00:00","og_image":[{"url":"https:\/\/lavolierecirque.com\/wp-content\/uploads\/2024\/07\/spectacle-MIXcity.png","width":1080,"height":1080,"type":"image\/png"}],"author":"admin5999","twitter_card":"summary_large_image","twitter_misc":{"\u00c9crit par":"admin5999","Dur\u00e9e de lecture estim\u00e9e":"2 minutes"},"schema":{"@context":"https:\/\/schema.org","@graph":[{"@type":"Article","@id":"https:\/\/lavolierecirque.com\/index.php\/2024\/07\/07\/spectacles-du-festival-les-rencontres-de-danse-aerienne\/#article","isPartOf":{"@id":"https:\/\/lavolierecirque.com\/index.php\/2024\/07\/07\/spectacles-du-festival-les-rencontres-de-danse-aerienne\/"},"author":{"name":"admin5999","@id":"https:\/\/lavolierecirque.com\/#\/schema\/person\/3dfbf06f98e272ebf13b70057fabbc0d"},"headline":"SPECTACLES du Festival Les Rencontres de Danse A\u00e9rienne","datePublished":"2024-07-07T15:25:45+00:00","dateModified":"2025-01-21T14:14:54+00:00","mainEntityOfPage":{"@id":"https:\/\/lavolierecirque.com\/index.php\/2024\/07\/07\/spectacles-du-festival-les-rencontres-de-danse-aerienne\/"},"wordCount":286,"commentCount":0,"image":{"@id":"https:\/\/lavolierecirque.com\/index.php\/2024\/07\/07\/spectacles-du-festival-les-rencontres-de-danse-aerienne\/#primaryimage"},"thumbnailUrl":"https:\/\/lavolierecirque.com\/wp-content\/uploads\/2024\/07\/spectacle-MIXcity.png","keywords":["article_archives"],"articleSection":["\u00c9v\u00e9nements"],"inLanguage":"fr-FR","potentialAction":[{"@type":"CommentAction","name":"Comment","target":["https:\/\/lavolierecirque.com\/index.php\/2024\/07\/07\/spectacles-du-festival-les-rencontres-de-danse-aerienne\/#respond"]}]},{"@type":"WebPage","@id":"https:\/\/lavolierecirque.com\/index.php\/2024\/07\/07\/spectacles-du-festival-les-rencontres-de-danse-aerienne\/","url":"https:\/\/lavolierecirque.com\/index.php\/2024\/07\/07\/spectacles-du-festival-les-rencontres-de-danse-aerienne\/","name":"SPECTACLES du Festival Les Rencontres de Danse A\u00e9rienne - La Voli\u00e8re","isPartOf":{"@id":"https:\/\/lavolierecirque.com\/#website"},"primaryImageOfPage":{"@id":"https:\/\/lavolierecirque.com\/index.php\/2024\/07\/07\/spectacles-du-festival-les-rencontres-de-danse-aerienne\/#primaryimage"},"image":{"@id":"https:\/\/lavolierecirque.com\/index.php\/2024\/07\/07\/spectacles-du-festival-les-rencontres-de-danse-aerienne\/#primaryimage"},"thumbnailUrl":"https:\/\/lavolierecirque.com\/wp-content\/uploads\/2024\/07\/spectacle-MIXcity.png","datePublished":"2024-07-07T15:25:45+00:00","dateModified":"2025-01-21T14:14:54+00:00","author":{"@id":"https:\/\/lavolierecirque.com\/#\/schema\/person\/3dfbf06f98e272ebf13b70057fabbc0d"},"breadcrumb":{"@id":"https:\/\/lavolierecirque.com\/index.php\/2024\/07\/07\/spectacles-du-festival-les-rencontres-de-danse-aerienne\/#breadcrumb"},"inLanguage":"fr-FR","potentialAction":[{"@type":"ReadAction","target":["https:\/\/lavolierecirque.com\/index.php\/2024\/07\/07\/spectacles-du-festival-les-rencontres-de-danse-aerienne\/"]}]},{"@type":"ImageObject","inLanguage":"fr-FR","@id":"https:\/\/lavolierecirque.com\/index.php\/2024\/07\/07\/spectacles-du-festival-les-rencontres-de-danse-aerienne\/#primaryimage","url":"https:\/\/lavolierecirque.com\/wp-content\/uploads\/2024\/07\/spectacle-MIXcity.png","contentUrl":"https:\/\/lavolierecirque.com\/wp-content\/uploads\/2024\/07\/spectacle-MIXcity.png","width":1080,"height":1080},{"@type":"BreadcrumbList","@id":"https:\/\/lavolierecirque.com\/index.php\/2024\/07\/07\/spectacles-du-festival-les-rencontres-de-danse-aerienne\/#breadcrumb","itemListElement":[{"@type":"ListItem","position":1,"name":"Accueil","item":"https:\/\/lavolierecirque.com\/"},{"@type":"ListItem","position":2,"name":"SPECTACLES du Festival Les Rencontres de Danse A\u00e9rienne"}]},{"@type":"WebSite","@id":"https:\/\/lavolierecirque.com\/#website","url":"https:\/\/lavolierecirque.com\/","name":"La Voli\u00e8re","description":"Lieu d\u00e9di\u00e9 au nouveau cirque &amp; \u00e0 la danse a\u00e9rienne","potentialAction":[{"@type":"SearchAction","target":{"@type":"EntryPoint","urlTemplate":"https:\/\/lavolierecirque.com\/?s={search_term_string}"},"query-input":{"@type":"PropertyValueSpecification","valueRequired":true,"valueName":"search_term_string"}}],"inLanguage":"fr-FR"},{"@type":"Person","@id":"https:\/\/lavolierecirque.com\/#\/schema\/person\/3dfbf06f98e272ebf13b70057fabbc0d","name":"admin5999","image":{"@type":"ImageObject","inLanguage":"fr-FR","@id":"https:\/\/lavolierecirque.com\/#\/schema\/person\/image\/","url":"https:\/\/secure.gravatar.com\/avatar\/fad7dc9c5cde7157abf9bb29befecd0e?s=96&d=mm&r=g","contentUrl":"https:\/\/secure.gravatar.com\/avatar\/fad7dc9c5cde7157abf9bb29befecd0e?s=96&d=mm&r=g","caption":"admin5999"},"sameAs":["http:\/\/lavolierecirque.com"],"url":"https:\/\/lavolierecirque.com\/index.php\/author\/admin5999\/"}]}},"jetpack_featured_media_url":"https:\/\/lavolierecirque.com\/wp-content\/uploads\/2024\/07\/spectacle-MIXcity.png","rttpg_featured_image_url":{"full":["https:\/\/lavolierecirque.com\/wp-content\/uploads\/2024\/07\/spectacle-MIXcity.png",1080,1080,false],"landscape":["https:\/\/lavolierecirque.com\/wp-content\/uploads\/2024\/07\/spectacle-MIXcity.png",1080,1080,false],"portraits":["https:\/\/lavolierecirque.com\/wp-content\/uploads\/2024\/07\/spectacle-MIXcity.png",1080,1080,false],"thumbnail":["https:\/\/lavolierecirque.com\/wp-content\/uploads\/2024\/07\/spectacle-MIXcity-150x150.png",150,150,true],"medium":["https:\/\/lavolierecirque.com\/wp-content\/uploads\/2024\/07\/spectacle-MIXcity-300x300.png",300,300,true],"large":["https:\/\/lavolierecirque.com\/wp-content\/uploads\/2024\/07\/spectacle-MIXcity.png",1080,1080,false],"1536x1536":["https:\/\/lavolierecirque.com\/wp-content\/uploads\/2024\/07\/spectacle-MIXcity.png",1080,1080,false],"2048x2048":["https:\/\/lavolierecirque.com\/wp-content\/uploads\/2024\/07\/spectacle-MIXcity.png",1080,1080,false]},"rttpg_author":{"display_name":"admin5999","author_link":"https:\/\/lavolierecirque.com\/index.php\/author\/admin5999\/"},"rttpg_comment":1,"rttpg_category":"<a href=\"https:\/\/lavolierecirque.com\/index.php\/category\/evenements-spectacles\/\" rel=\"category tag\">\u00c9v\u00e9nements<\/a>","rttpg_excerpt":"La Voli\u00e8re organise la 13\u00e8me \u00e9dition du Festival Les Rencontres de Danse A\u00e9rienne \u00e0 St Nazaire.2 temps forts :&#8211; Une semaine de formation et perfectionnement aux disciplines a\u00e9riennes (du 08 au 12\/07\/2024)&#8211; 2 spectacles propos\u00e9s au grand public : \u00a0 07\/07\/2024 (19h \u00e0\u00a019h30 \u00e0 La Voli\u00e8re) MIXCity, cr\u00e9ation collective originale d&rsquo;artistes de\u00a0cirque a\u00e9rien Cinq artistes\u2026","_links":{"self":[{"href":"https:\/\/lavolierecirque.com\/index.php\/wp-json\/wp\/v2\/posts\/3570","targetHints":{"allow":["GET"]}}],"collection":[{"href":"https:\/\/lavolierecirque.com\/index.php\/wp-json\/wp\/v2\/posts"}],"about":[{"href":"https:\/\/lavolierecirque.com\/index.php\/wp-json\/wp\/v2\/types\/post"}],"author":[{"embeddable":true,"href":"https:\/\/lavolierecirque.com\/index.php\/wp-json\/wp\/v2\/users\/1"}],"replies":[{"embeddable":true,"href":"https:\/\/lavolierecirque.com\/index.php\/wp-json\/wp\/v2\/comments?post=3570"}],"version-history":[{"count":14,"href":"https:\/\/lavolierecirque.com\/index.php\/wp-json\/wp\/v2\/posts\/3570\/revisions"}],"predecessor-version":[{"id":3591,"href":"https:\/\/lavolierecirque.com\/index.php\/wp-json\/wp\/v2\/posts\/3570\/revisions\/3591"}],"wp:featuredmedia":[{"embeddable":true,"href":"https:\/\/lavolierecirque.com\/index.php\/wp-json\/wp\/v2\/media\/3574"}],"wp:attachment":[{"href":"https:\/\/lavolierecirque.com\/index.php\/wp-json\/wp\/v2\/media?parent=3570"}],"wp:term":[{"taxonomy":"category","embeddable":true,"href":"https:\/\/lavolierecirque.com\/index.php\/wp-json\/wp\/v2\/categories?post=3570"},{"taxonomy":"post_tag","embeddable":true,"href":"https:\/\/lavolierecirque.com\/index.php\/wp-json\/wp\/v2\/tags?post=3570"}],"curies":[{"name":"wp","href":"https:\/\/api.w.org\/{rel}","templated":true}]}}